{"id":1,"date":"2021-09-04T13:58:00","date_gmt":"2021-09-04T13:58:00","guid":{"rendered":"http:\/\/advocacy.natura2000.ro\/?p=1"},"modified":"2021-09-15T06:28:07","modified_gmt":"2021-09-15T06:28:07","slug":"first-draft","status":"publish","type":"post","link":"http:\/\/advocacy.natura2000.ro\/index.php\/2021\/09\/04\/first-draft\/","title":{"rendered":"Prima rund\u0103 de propuneri legislative"},"content":{"rendered":"\n<p><em>English below<\/em> \/\/ Dup\u0103 mai mult de 5 luni de lucru \u00een cadrul Coali\u021biei, vom finaliza \u00een cur\u00e2nd un prim draft de propuneri pentru o nou\u0103 lege a ariilor protejate. \u00cen paralel, propunerile noastre au fost discutate \u0219i \u00een cadrul grupului de lucru format la nivelul Ministerului Mediului pentru \u00eembun\u0103t\u0103\u021birea legii. Dup\u0103 finalizarea draftului Coali\u021biei, acesta va fi publicat pe site-ul proiectului, unde vom demara \u0219i un proces de consult\u0103ri \u0219i dezbateri cu societatea civil\u0103. Apoi vom face tot posibilul ca pachetul propus de Coali\u021bie s\u0103 fie luat \u00een calcul la viitorul proiect de lege. \u021aine\u021bi apropae! <\/p>\n\n\n\n<p>After more than 5 months of continuous work within our Coalition, we will soon finish the first draft containing proposals for a new protected area law in Romania. In the meanwhile, our proposals are also discussed within the workgroup formed at the Ministry of Environment. After finishing our draft, it will be published on this website, together with a participative session for debates and suggestions from the civil society. After reviewing our draft, we will channel all our efforts so that our proposals will be considered in the future law project. We keep in touch!<\/p>\n","protected":false},"excerpt":{"rendered":"<p>English below \/\/ Dup\u0103 mai mult de 5 luni de lucru \u00een cadrul Coali\u021biei, vom finaliza \u00een cur\u00e2nd un prim draft de propuneri pentru o nou\u0103 lege a ariilor protejate. \u00cen paralel, propunerile noastre au fost discutate \u0219i \u00een cadrul grupului de lucru format la nivelul Ministerului Mediului pentru \u00eembun\u0103t\u0103\u021birea legii. Dup\u0103 finalizarea draftului Coali\u021biei,[&hellip;]<\/p>\n","protected":false},"author":1,"featured_media":2464,"comment_status":"closed","ping_status":"closed","sticky":false,"template":"","format":"standard","meta":{"footnotes":""},"categories":[28],"tags":[],"class_list":["post-1","post","type-post","status-publish","format-standard","has-post-thumbnail","hentry","category-news"],"_links":{"self":[{"href":"http:\/\/advocacy.natura2000.ro\/index.php\/wp-json\/wp\/v2\/posts\/1","targetHints":{"allow":["GET"]}}],"collection":[{"href":"http:\/\/advocacy.natura2000.ro\/index.php\/wp-json\/wp\/v2\/posts"}],"about":[{"href":"http:\/\/advocacy.natura2000.ro\/index.php\/wp-json\/wp\/v2\/types\/post"}],"author":[{"embeddable":true,"href":"http:\/\/advocacy.natura2000.ro\/index.php\/wp-json\/wp\/v2\/users\/1"}],"replies":[{"embeddable":true,"href":"http:\/\/advocacy.natura2000.ro\/index.php\/wp-json\/wp\/v2\/comments?post=1"}],"version-history":[{"count":3,"href":"http:\/\/advocacy.natura2000.ro\/index.php\/wp-json\/wp\/v2\/posts\/1\/revisions"}],"predecessor-version":[{"id":2468,"href":"http:\/\/advocacy.natura2000.ro\/index.php\/wp-json\/wp\/v2\/posts\/1\/revisions\/2468"}],"wp:featuredmedia":[{"embeddable":true,"href":"http:\/\/advocacy.natura2000.ro\/index.php\/wp-json\/wp\/v2\/media\/2464"}],"wp:attachment":[{"href":"http:\/\/advocacy.natura2000.ro\/index.php\/wp-json\/wp\/v2\/media?parent=1"}],"wp:term":[{"taxonomy":"category","embeddable":true,"href":"http:\/\/advocacy.natura2000.ro\/index.php\/wp-json\/wp\/v2\/categories?post=1"},{"taxonomy":"post_tag","embeddable":true,"href":"http:\/\/advocacy.natura2000.ro\/index.php\/wp-json\/wp\/v2\/tags?post=1"}],"curies":[{"name":"wp","href":"https:\/\/api.w.org\/{rel}","templated":true}]}}