{"id":2477,"date":"2021-04-01T07:41:00","date_gmt":"2021-04-01T07:41:00","guid":{"rendered":"http:\/\/advocacy.natura2000.ro\/?p=2477"},"modified":"2021-09-23T07:43:25","modified_gmt":"2021-09-23T07:43:25","slug":"lansare-proiect","status":"publish","type":"post","link":"http:\/\/advocacy.natura2000.ro\/index.php\/2021\/04\/01\/lansare-proiect\/","title":{"rendered":"Lansare proiect"},"content":{"rendered":"\n<p>\u00cen luna martie s-a lansat proiectul<strong> \u201cGuvernan\u021b\u0103 participativ\u0103 prin implicarea societ\u0103\u021bii civile \u00een protec\u021bia naturii din Rom\u00e2nia\u201d<\/strong>, proiect derulat de Federa\u021bia Coali\u021bia Natura 2000 Rom\u00e2nia \u00een parteneriat cu Asocia\u021bia Pro Democra\u021bia Club Bra\u0219ov, cu sprijinul financiar Active Citizens Fund Rom\u00e2nia, program finan\u021bat de Islanda, Liechtenstein \u0219i Norvegia prin Granturile SEE 2014-2021.<\/p>\n\n\n\n<p><strong>\u201eLucr\u0103m \u00eempreun\u0103 pentru o Europ\u0103 verde, competitiv\u0103 \u0219i incluziv\u0103\u201d.<\/strong><\/p>\n\n\n\n<p><strong>Scopul proiectului:<\/strong><strong><\/strong><\/p>\n\n\n\n<p>Scopul proiectului este s\u0103 \u00eembun\u0103t\u0103\u021beasc\u0103 politicile publice \u0219i legisla\u021bia de mediu prin ac\u021biuni de watchdog, advocacy \u0219i prin valorificarea opiniilor tehnice ale exper\u021bilor din cadrul Coali\u021biei. Ne propunem astfel s\u0103 cre\u0219tem gradul de implicare a societ\u0103\u021bii civile pentru a \u00eendrepta erorile, defectele, inadverten\u021bele \u0219i deficien\u021bele din legisla\u021bia de mediu \u0219i pentru a contribui la un sistem de guvernan\u021b\u0103 al ariilor protejate eficient, eficace, delegat \u0219i participativ.<\/p>\n\n\n\n<p><strong>Contextul proiectului:<\/strong><strong><\/strong><\/p>\n\n\n\n<p>Rom\u00e2nia este \u021bara cu cele mai diverse condi\u021bii biogeografice din Uniunea European\u0103, beneficiind de valori naturale unice, pentru a c\u0103ror conservare s-au desemnat arii protejate \u00eenc\u0103 de la \u00eenceputul secolului XX. Aderarea la Uniunea European\u0103 a dus la cre\u0219terea semnificativ\u0103 a suprafe\u021bei ariilor protejate, acestea reprezent\u00e2nd acum aproape 25% din teritoriul \u021b\u0103rii, fa\u021b\u0103 de 8% c\u00e2t figurau \u00een 1990. De\u0219i sistemul de management al ariilor protejate din Rom\u00e2nia este unul din cele mai tinere din lume, p\u00e2n\u0103 de cur\u00e2nd a fost unul relativ progresist din punct de vedere al organiz\u0103rii managementului \u0219i al implic\u0103rii factorilor interesa\u021bi. <strong>\u00cen 2018 se produce \u00eens\u0103 o schimbare radical\u0103, Guvernul \u00eendep\u0103rt\u00e2nd de la managementul ariilor protejate organiza\u021biile private care \u0219i-au asumat pe termen lung administrarea anumitor situri. Astfel, s-au diminuat at\u00e2t oportunit\u0103\u021bile de exercitare \u0219i perfec\u021bionare a unor abord\u0103ri participative c\u00e2t \u0219i \u0219ansele ca ariile protejate r\u0103mase neadministrate s\u0103 fie totu\u0219i gestionate. Nu \u00een ultimul r\u00e2nd, s-a inhibat aportul complex de resurse \u0219i expertiz\u0103 de care dispun diferi\u021bii actori sociali.<\/strong><\/p>\n\n\n\n<p>De\u0219i cre\u0219te prezen\u021ba pe agenda public\u0103 \u0219i \u00een mass media a problematicii protec\u021biei mediului, pentru mult timp, subiectul nu a prezentat o prioritate nici pentru factorii decizionali \u0219i nici pentru publicul larg. Dat\u0103 fiind capacitatea sc\u0103zut\u0103 a statului de a gestiona ariile naturale protejate, este esen\u021bial\u0103 implicarea ONG-urilor \u0219i a societ\u0103\u021bii civile. <strong>&nbsp;<\/strong><\/p>\n\n\n\n<p><strong>Obiectivele proiectului:<\/strong><strong><\/strong><\/p>\n\n\n\n<p>Obiectivele principale ale proiectului sunt facilitarea modific\u0103rii participative a legisla\u021biei privind ariile protejate \u00een vederea \u00eembun\u0103t\u0103\u021birii politicilor publice \u0219i a sistemului de guvernan\u021b\u0103 al acestora \u0219i stimularea implic\u0103rii civice \u00een domeniul protec\u021biei mediului, prin activit\u0103\u021bi de watchdog \u0219i prin derularea unei campanii de advocacy.<\/p>\n\n\n\n<p>Prin organizarea campaniei na\u021bionale de advocacy pentru modificarea legisla\u021biei privind managementul ariilor naturale protejate, urm\u0103rim s\u0103 implic\u0103m c\u00e2t mai multe organiza\u021bii de exper\u021bi \u0219i, \u00eempreun\u0103 cu institu\u021biile abilitate sa dezbatem asupra complexit\u0103\u021bii problemei \u0219i asupra necesit\u0103\u021bii proceselor reale de informare, consultare \u0219i dezbatere.<\/p>\n\n\n\n<p>\u00cen cadrul proiectului va fi monitorizat\u0103 constant activitatea autorit\u0103\u021bilor \u00een domeniul ariilor naturale protejate, vor fi organizate grupuri de lucru comune \u00eentre ONG-uri, diver\u0219i factori interesa\u021bi \u0219i reprezentan\u021bi ai institu\u021biilor de stat \u0219i se vor elabora o Strategie \u0219i un Plan de advocacy pentru urm\u0103torii 5 ani.<\/p>\n\n\n\n<p><strong>Cine va beneficia de acest proiect:<\/strong><strong><\/strong><\/p>\n\n\n\n<p>Vor beneficia de acest proiect at\u00e2t cele 20 de ONG-uri membre ale Federa\u021biei Coali\u021bia Natura 2000 Rom\u00e2nia c\u00e2t \u0219i indirect prin diverse ac\u021biuni (informare, con\u0219tientizare, dezbateri, grupuri de lucru, etc.), autorit\u0103\u021bile competente de mediu, publicul larg \u0219i al\u021bi factori interesa\u021bi.<\/p>\n\n\n\n<p>Parteneriatul cu Asocia\u021bia Pro Democra\u021bia Club Bra\u0219ov va spori considerabil \u0219ansele de reu\u0219it\u0103 ale campaniei de advocacy \u0219i va permite schimbul de experien\u021b\u0103 dintre cele dou\u0103 organiza\u021bii.<\/p>\n\n\n\n<p><strong><u>Informa\u021bii pentru editori:<\/u><\/strong><strong><u><\/u><\/strong><\/p>\n\n\n\n<p>Persoan\u0103 de contact:&nbsp;<\/p>\n\n\n\n<p>George \u0218tefan Kudor, Director Executiv Federa\u021bia Coali\u021bia Natura 2000 Rom\u00e2nia<\/p>\n\n\n\n<p><a href=\"mailto:office@natura2000.ro\">office@natura2000.ro<\/a> , nr. telefon 0722690008<\/p>\n\n\n\n<p><strong>Despre Programul Active Citizens Fund Rom\u00e2nia<\/strong><strong><\/strong><\/p>\n\n\n\n<p>Programul Active Citizens Fund Rom\u00e2nia este finan\u021bat prin Granturile SEE 2014-2021. Obiectivul general al Granturilor este de a reduce disparit\u0103\u021bile economice \u0219i sociale \u0219i a consolida rela\u021biile bilaterale dintre cele 15 state beneficiare \u0219i statele donatoare (Islanda, Liechtenstein, Norvegia). Programul este administrat de c\u0103tre consor\u021biul compus din Funda\u021bia pentru Dezvoltarea Societ\u0103\u021bii Civile, Funda\u021bia pentru Parteneriat, Centrul de Resurse pentru Comunit\u0103\u021bile de Romi, Funda\u021bia PACT \u0219i Frivillighet Norge, care ac\u021bioneaz\u0103 \u00een calitate de Operator de Fond desemnat de c\u0103tre FMO \u2013 Oficiul Mecanismului Financiar al Granturilor SEE \u0219i Norvegiene. Active Citizens Fund Rom\u00e2nia vizeaz\u0103 consolidarea societ\u0103\u021bii civile \u0219i a cet\u0103\u021beniei active \u0219i cre\u0219terea capacit\u0103\u021bii grupurilor vulnerabile. Cu o alocare total\u0103 de 46.000.000 euro, programul urm\u0103re\u0219te dezvoltarea pe termen lung a sustenabilit\u0103\u021bii \u0219i capacit\u0103\u021bii sectorului societ\u0103\u021bii civile, intensific\u00e2nd rolul s\u0103u \u00een promovarea particip\u0103rii democratice, a cet\u0103\u021beniei active \u0219i a drepturilor omului \u0219i consolid\u00e2nd \u00een acela\u0219i timp rela\u021biile bilaterale cu statele donatoare Islanda, Liechtenstein \u0219i Norvegia. Pentru mai multe informa\u021bii despre Active Citizens Fund \u00een Rom\u00e2nia, v\u0103 rug\u0103m accesa\u021bi www.activecitizensfund.ro. Pentru mai multe informa\u021bii despre Granturile SEE \u0219i Norvegiene, accesa\u021bi <a href=\"http:\/\/www.eeagrants.ro\">www.eeagrants.ro<\/a><\/p>\n\n\n\n<p><strong>Despre Federa\u021bia Coali\u021bia Natura 2000 Rom\u00e2nia<\/strong><strong><\/strong><\/p>\n\n\n\n<p>Federa\u021bia Coali\u021bia Natura 2000 Rom\u00e2nia ac\u021bioneaz\u0103 informal din 2003, c\u00e2nd 55 de membri, organiza\u021bii nonguvernamentale din domeniul protec\u021biei naturii, s-au reunit pentru a-\u0219i consolida puterea de ac\u021biune la nivel na\u021bional \u0219i local, \u0219i pentru a contribui la desemnarea siturilor Natura 2000 \u00een Rom\u00e2nia. Din 2013, Federa\u021bia are personalitate juridic\u0103 \u0219i peste 20 membri \u00eenregistra\u021bi oficial. Printr-un parteneriat al organiza\u021biilor nonguvernamentale, ce ofer\u0103 reprezentativitate \u0219i for\u021b\u0103 la nivel na\u021bional, Federa\u021bia ac\u021bioneaz\u0103 \u00een domeniile: arii protejate, conservarea biodiversit\u0103\u021bii, implementarea re\u021belei Natura 2000 \u00een Rom\u00e2nia.<\/p>\n\n\n\n<p>Direc\u021biile principale de ac\u021biune ale Federa\u021biei sunt:<\/p>\n\n\n\n<p>-implicarea activ\u0103 \u00een procesul de identificare a siturilor nominalizate pentru \u00eencadrare \u00een cadrul re\u021belei Natura 2000 \u0219i oferirea de sprijin entit\u0103\u021bilor ce asigur\u0103 managementul acestor zone;<\/p>\n\n\n\n<p>-desf\u0103\u0219urarea unor activit\u0103\u021bi de advocacy \u0219i watchdog<\/p>\n\n\n\n<p>-facilitarea activit\u0103\u021bilor de con\u0219tientizare \u0219i participare public\u0103 asociate implement\u0103rii Natura 2000;<\/p>\n\n\n\n<p>-\u00eent\u0103rirea capacita\u021bii ONG-urilor de mediu de a se implica \u00een mod activ \u00een protec\u021bia naturi.<\/p>\n\n\n\n<p><a href=\"http:\/\/www.natura2000.ro\">www.natura2000.ro<\/a><\/p>\n\n\n\n<p><strong>Despre Asocia\u021bia pentru Parteneriat Comunitar Bra\u0219ov<\/strong><strong><\/strong><\/p>\n\n\n\n<p>Asocia\u021bia Pro Democra\u021bia (APD) este o organiza\u021bie neguvernamental\u0103, non-profit \u0219i nepartizan\u0103. Fondat \u00een 1990, Clubul APD Bra\u015fov este cel mai vechi club din cele 25 de filiale ale Asocia\u0163iei Pro Democra\u0163ia. De altfel,&nbsp; av\u00e2nd ca punct de plecare&nbsp; Grupul pentru Comunicare si Dialog Social \u2013 OPINIA, Asociatia Pro Democra\u0163ia a fost fondat\u0103 la Bra\u015fov. Ulterior ,Consiliul de Conducere al APD a fost mutat \u00een 1997 la Bucure\u015fti din ra\u0163iuni practice, iar acum, Centrul National de Coordonare este la Bucuresti. Printre membrii clubului se num\u0103r\u0103 \u015fi primii doi pre\u015fedin\u0163i ai APD, dar \u0219i actualul pre\u0219edinte al APD. Misiunea Asociatiei Pro Democra\u021bia este de a \u00eent\u0103ri democra\u021bia la nivel na\u021bional \u0219i interna\u021bional prin stimularea particip\u0103rii civice. Domeniile de interes ale Asocia\u021biei Pro Democra\u021bia sunt: \u00eembun\u0103t\u0103\u021birea relatiei intre alegatori si alesi, corectitudinea procesului electoral, educatia civic\u0103, participarea cet\u0103\u021benilor la procesul de elaborare a politicilor publice, transparen\u021ba institu\u021biilor publice \u0219i controlul societ\u0103\u021bii civile asupra acestora, respectarea drepturilor omului.<\/p>\n\n\n\n<p><a href=\"http:\/\/www.prodemocratia.ro\/\">http:\/\/www.prodemocratia.ro\/<\/a><\/p>\n","protected":false},"excerpt":{"rendered":"<p>\u00cen luna martie s-a lansat proiectul \u201cGuvernan\u021b\u0103 participativ\u0103 prin implicarea societ\u0103\u021bii civile \u00een protec\u021bia naturii din Rom\u00e2nia\u201d, proiect derulat de Federa\u021bia Coali\u021bia Natura 2000 Rom\u00e2nia \u00een parteneriat cu Asocia\u021bia Pro Democra\u021bia Club Bra\u0219ov, cu sprijinul financiar Active Citizens Fund Rom\u00e2nia, program finan\u021bat de Islanda, Liechtenstein \u0219i Norvegia prin Granturile SEE 2014-2021. \u201eLucr\u0103m \u00eempreun\u0103 pentru o[&hellip;]<\/p>\n","protected":false},"author":1,"featured_media":2453,"comment_status":"open","ping_status":"open","sticky":false,"template":"","format":"standard","meta":{"footnotes":""},"categories":[28],"tags":[],"class_list":["post-2477","post","type-post","status-publish","format-standard","has-post-thumbnail","hentry","category-news"],"_links":{"self":[{"href":"http:\/\/advocacy.natura2000.ro\/index.php\/wp-json\/wp\/v2\/posts\/2477","targetHints":{"allow":["GET"]}}],"collection":[{"href":"http:\/\/advocacy.natura2000.ro\/index.php\/wp-json\/wp\/v2\/posts"}],"about":[{"href":"http:\/\/advocacy.natura2000.ro\/index.php\/wp-json\/wp\/v2\/types\/post"}],"author":[{"embeddable":true,"href":"http:\/\/advocacy.natura2000.ro\/index.php\/wp-json\/wp\/v2\/users\/1"}],"replies":[{"embeddable":true,"href":"http:\/\/advocacy.natura2000.ro\/index.php\/wp-json\/wp\/v2\/comments?post=2477"}],"version-history":[{"count":1,"href":"http:\/\/advocacy.natura2000.ro\/index.php\/wp-json\/wp\/v2\/posts\/2477\/revisions"}],"predecessor-version":[{"id":2478,"href":"http:\/\/advocacy.natura2000.ro\/index.php\/wp-json\/wp\/v2\/posts\/2477\/revisions\/2478"}],"wp:featuredmedia":[{"embeddable":true,"href":"http:\/\/advocacy.natura2000.ro\/index.php\/wp-json\/wp\/v2\/media\/2453"}],"wp:attachment":[{"href":"http:\/\/advocacy.natura2000.ro\/index.php\/wp-json\/wp\/v2\/media?parent=2477"}],"wp:term":[{"taxonomy":"category","embeddable":true,"href":"http:\/\/advocacy.natura2000.ro\/index.php\/wp-json\/wp\/v2\/categories?post=2477"},{"taxonomy":"post_tag","embeddable":true,"href":"http:\/\/advocacy.natura2000.ro\/index.php\/wp-json\/wp\/v2\/tags?post=2477"}],"curies":[{"name":"wp","href":"https:\/\/api.w.org\/{rel}","templated":true}]}}