{"id":2479,"date":"2021-06-10T07:45:00","date_gmt":"2021-06-10T07:45:00","guid":{"rendered":"http:\/\/advocacy.natura2000.ro\/?p=2479"},"modified":"2021-09-23T07:50:29","modified_gmt":"2021-09-23T07:50:29","slug":"conferinta-de-presa-press-conference","status":"publish","type":"post","link":"http:\/\/advocacy.natura2000.ro\/index.php\/2021\/06\/10\/conferinta-de-presa-press-conference\/","title":{"rendered":"Conferin\u021b\u0103 de pres\u0103 \/ press conference"},"content":{"rendered":"\n<p>Ne face deosebit\u0103 pl\u0103cere s\u0103 v\u0103 invit\u0103m s\u0103 lua\u021bi parte la conferin\u021ba de lansare a proiectului \u201cGuvernan\u021b\u0103 participativ\u0103 prin implicarea societ\u0103\u021bii civile \u00een protec\u021bia naturii din Rom\u00e2nia\u201d, Proiect derulat de Federa\u021bia Coali\u021bia Natura 2000 \u00een parteneriat cu Asocia\u021bia Pro Democra\u021bia Club Bra\u0219ov, cu sprijinul financiar Active Citizens Fund Rom\u00e2nia, program finan\u021bat de Islanda, Liechtenstein \u0219i Norvegia prin Granturile SEE 2014-2021.<\/p>\n\n\n\n<p>Conferin\u021ba va avea loc joi 10 iunie 2021, \u00eentre orele 11:00-12:30,\u00a0 la Expoflora Her\u0103str\u0103u.<\/p>\n\n\n\n<p>Proiectul are ca scop eficientizarea sistemului de guvernan\u021b\u0103 \u0219i management al ariilor&nbsp; naturale protejate din Rom\u00e2nia prin ac\u021biuni de advocacy \u0219i watcdog menite s\u0103 \u00eembun\u0103t\u0103\u021beasc\u0103 cadrul legal \u0219i al politicilor publice prin cre\u0219terea capacit\u0103\u021bii, sustenabilit\u0103\u021bii \u0219i gradului de implicare a societ\u0103\u021bii civile \u0219i prin stimularea cet\u0103\u021beniei active \u00een acest domeniu.<\/p>\n\n\n\n<p>Agenda conferin\u021bei va cuprinde:<\/p>\n\n\n\n<ul class=\"wp-block-list\"><li>Cuv\u00e2ntul introductiv \u0219i prezentarea proiectului din partea Federa\u021biei Coali\u021bia Natura 2000 Rom\u00e2nia<\/li><li>Prezentarea partenerului din proiect, Asocia\u021biei Pro Democra\u021bia Club Bra\u0219ov<\/li><li>Luare de cuv\u00e2nt din partea Ministerului Mediului,<\/li><li>Luarea de cuv\u00e2nt din partea ANANP<\/li><li>Discu\u021bii \u0219i \u00eentreb\u0103ri<\/li><\/ul>\n\n\n\n<p>La conferin\u021b\u0103 sunt invita\u021bi s\u0103 participe reprezentan\u021bi ai ONG-urilor membre ale Federa\u021biei Coali\u021bia Natura 2000 Rom\u00e2nia, reprezentan\u021bi ai Asocia\u021biei Pro Democra\u021bia, reprezentan\u021bi ai autorita\u0306\u021bilor publice &#8211; Ministerul Mediului, Agen\u021bia Na\u021bional\u0103 pentru Arii Naturale Protejate (ANANP) precum \u0219i reprezentan\u021bi media.<\/p>\n\n\n\n<p>Pentru confirmarea particip\u0103rii \u0219i alte detalii v\u0103 rug\u0103m s\u0103 trimite\u021bi\u00a0 p\u00e2n\u0103 la data de 18 iunie 2021 un e-mail la adresa: office@natura2000.ro, persoana de contact Teodora Man, asistent \u00een proiect, telefon 0722541250.<\/p>\n\n\n\n<p>Cu deosebit\u0103 considerat\u0326ie,<\/p>\n\n\n\n<p>George \u0218tefan Kudor<\/p>\n\n\n\n<p>Manager Proiect<\/p>\n\n\n\n<p><strong>\u201eLucr\u0103m \u00eempreun\u0103 pentru o Europ\u0103 verde, competitiv\u0103 \u0219i incluziv\u0103\u201d.<\/strong><\/p>\n\n\n\n<p><\/p>\n","protected":false},"excerpt":{"rendered":"<p>Ne face deosebit\u0103 pl\u0103cere s\u0103 v\u0103 invit\u0103m s\u0103 lua\u021bi parte la conferin\u021ba de lansare a proiectului \u201cGuvernan\u021b\u0103 participativ\u0103 prin implicarea societ\u0103\u021bii civile \u00een protec\u021bia naturii din Rom\u00e2nia\u201d, Proiect derulat de Federa\u021bia Coali\u021bia Natura 2000 \u00een parteneriat cu Asocia\u021bia Pro Democra\u021bia Club Bra\u0219ov, cu sprijinul financiar Active Citizens Fund Rom\u00e2nia, program finan\u021bat de Islanda, Liechtenstein \u0219i[&hellip;]<\/p>\n","protected":false},"author":1,"featured_media":0,"comment_status":"open","ping_status":"open","sticky":false,"template":"","format":"standard","meta":{"footnotes":""},"categories":[28],"tags":[],"class_list":["post-2479","post","type-post","status-publish","format-standard","hentry","category-news"],"_links":{"self":[{"href":"http:\/\/advocacy.natura2000.ro\/index.php\/wp-json\/wp\/v2\/posts\/2479","targetHints":{"allow":["GET"]}}],"collection":[{"href":"http:\/\/advocacy.natura2000.ro\/index.php\/wp-json\/wp\/v2\/posts"}],"about":[{"href":"http:\/\/advocacy.natura2000.ro\/index.php\/wp-json\/wp\/v2\/types\/post"}],"author":[{"embeddable":true,"href":"http:\/\/advocacy.natura2000.ro\/index.php\/wp-json\/wp\/v2\/users\/1"}],"replies":[{"embeddable":true,"href":"http:\/\/advocacy.natura2000.ro\/index.php\/wp-json\/wp\/v2\/comments?post=2479"}],"version-history":[{"count":1,"href":"http:\/\/advocacy.natura2000.ro\/index.php\/wp-json\/wp\/v2\/posts\/2479\/revisions"}],"predecessor-version":[{"id":2480,"href":"http:\/\/advocacy.natura2000.ro\/index.php\/wp-json\/wp\/v2\/posts\/2479\/revisions\/2480"}],"wp:attachment":[{"href":"http:\/\/advocacy.natura2000.ro\/index.php\/wp-json\/wp\/v2\/media?parent=2479"}],"wp:term":[{"taxonomy":"category","embeddable":true,"href":"http:\/\/advocacy.natura2000.ro\/index.php\/wp-json\/wp\/v2\/categories?post=2479"},{"taxonomy":"post_tag","embeddable":true,"href":"http:\/\/advocacy.natura2000.ro\/index.php\/wp-json\/wp\/v2\/tags?post=2479"}],"curies":[{"name":"wp","href":"https:\/\/api.w.org\/{rel}","templated":true}]}}