{"id":2507,"date":"2021-06-01T08:23:00","date_gmt":"2021-06-01T08:23:00","guid":{"rendered":"http:\/\/advocacy.natura2000.ro\/?p=2507"},"modified":"2021-09-24T08:59:22","modified_gmt":"2021-09-24T08:59:22","slug":"interviu-rfi-cu-managerul-de-proiect","status":"publish","type":"post","link":"http:\/\/advocacy.natura2000.ro\/index.php\/2021\/06\/01\/interviu-rfi-cu-managerul-de-proiect\/","title":{"rendered":"Interviu RFI cu managerul de proiect"},"content":{"rendered":"\t\t<div data-elementor-type=\"wp-post\" data-elementor-id=\"2507\" class=\"elementor elementor-2507\" data-elementor-settings=\"[]\">\n\t\t\t\t\t\t\t<div class=\"elementor-section-wrap\">\n\t\t\t\t\t\t\t<section class=\"elementor-section elementor-top-section elementor-element elementor-element-213e96e8 elementor-section-boxed elementor-section-height-default elementor-section-height-default\" data-id=\"213e96e8\" data-element_type=\"section\">\n\t\t\t\t\t\t<div class=\"elementor-container elementor-column-gap-default\">\n\t\t\t\t\t<div class=\"elementor-column elementor-col-100 elementor-top-column elementor-element elementor-element-7c15604c\" data-id=\"7c15604c\" data-element_type=\"column\">\n\t\t\t<div class=\"elementor-widget-wrap elementor-element-populated\">\n\t\t\t\t\t\t\t\t<div class=\"elementor-element elementor-element-920354 elementor-widget elementor-widget-text-editor\" data-id=\"920354\" data-element_type=\"widget\" data-widget_type=\"text-editor.default\">\n\t\t\t\t<div class=\"elementor-widget-container\">\n\t\t\t\t\t\t\t<p><!-- wp:paragraph --><\/p>\n<p>Interviul integral se regaseste la adresa: <a href=\"https:\/\/www.rfi.ro\/emisiunile-rfi-ro-135006-cat-protejate-arii-naturale-romania\">https:\/\/www.rfi.ro\/emisiunile-rfi-ro-135006-cat-protejate-arii-naturale-romania<\/a><\/p>\n<p><!-- \/wp:paragraph --><\/p>\n<p><!-- wp:paragraph --><\/p>\n<p><!-- \/wp:paragraph --><\/p>\n<p><!-- wp:paragraph --><\/p>\n<p>\u201dSuprafa\u021ba de <strong><a href=\"https:\/\/www.rfi.ro\/emisiunile-rfi-ro-55539-ariile-naturale-protejate-pericol\" target=\"_blank\" rel=\"noreferrer noopener\">arii protejate<\/a><\/strong> a crescut dup\u0103 aderarea Rom\u00e2niei la Uniunea European\u0103 la 25% din teritoriul \u021b\u0103rii, fa\u021b\u0103 de opt procente \u00een 1990. \u021ainta european\u0103 este \u00eens\u0103 de 30%.<\/p>\n<p><!-- \/wp:paragraph --><\/p>\n<p><!-- wp:paragraph --><\/p>\n<p>Directorul executiv la <strong><a href=\"https:\/\/ro-ro.facebook.com\/CoalitiaNatura2000\" target=\"_blank\" rel=\"noreferrer noopener\">Federa\u021bia\u00a0Coali\u021bia Natura 2000<\/a><\/strong>, George Kudor, spune \u00eentr-un interviu la RFI c\u00e2t de protejate sunt \u00een prezent ariile naturale din Rom\u00e2nia: \u201dAriile protejate nu sunt numai despre specii \u0219i despre biodiversitate, sunt despre rela\u021bia aceasta social-ecologic\u0103 \u00eentre biodiversitate \u0219i om. De exemplu, pot s\u0103 zic c\u0103-s foarte bine protejate pe lege. Ce spune? Nu spune mare lucru acest aspect, dac\u0103 comunit\u0103\u021bile de acolo nu \u00ee\u0219i asum\u0103 legea respectiv\u0103 sau factorii interesa\u021bi sau agen\u021bii economici sau oricine are interac\u021biune cu o arie protejat\u0103 nu-\u0219i asum\u0103 cu adev\u0103rat principiile sau valorile din zona asta de protec\u021bie a naturii\u201d.\u201d Sursa: rfi.ro<\/p>\n<p><!-- \/wp:paragraph --><\/p>\t\t\t\t\t\t<\/div>\n\t\t\t\t<\/div>\n\t\t\t\t\t<\/div>\n\t\t<\/div>\n\t\t\t\t\t\t\t<\/div>\n\t\t<\/section>\n\t\t\t\t\t\t<\/div>\n\t\t\t\t\t<\/div>\n\t\t","protected":false},"excerpt":{"rendered":"<p>Interviul integral se regaseste la adresa: https:\/\/www.rfi.ro\/emisiunile-rfi-ro-135006-cat-protejate-arii-naturale-romania \u201dSuprafa\u021ba de arii protejate a crescut dup\u0103 aderarea Rom\u00e2niei la Uniunea European\u0103 la 25% din teritoriul \u021b\u0103rii, fa\u021b\u0103 de opt procente \u00een 1990. \u021ainta european\u0103 este \u00eens\u0103 de 30%. Directorul executiv la Federa\u021bia\u00a0Coali\u021bia Natura 2000, George Kudor, spune \u00eentr-un interviu la RFI c\u00e2t de protejate sunt \u00een prezent[&hellip;]<\/p>\n","protected":false},"author":1,"featured_media":0,"comment_status":"open","ping_status":"open","sticky":false,"template":"","format":"standard","meta":{"footnotes":""},"categories":[28],"tags":[],"class_list":["post-2507","post","type-post","status-publish","format-standard","hentry","category-news"],"_links":{"self":[{"href":"http:\/\/advocacy.natura2000.ro\/index.php\/wp-json\/wp\/v2\/posts\/2507","targetHints":{"allow":["GET"]}}],"collection":[{"href":"http:\/\/advocacy.natura2000.ro\/index.php\/wp-json\/wp\/v2\/posts"}],"about":[{"href":"http:\/\/advocacy.natura2000.ro\/index.php\/wp-json\/wp\/v2\/types\/post"}],"author":[{"embeddable":true,"href":"http:\/\/advocacy.natura2000.ro\/index.php\/wp-json\/wp\/v2\/users\/1"}],"replies":[{"embeddable":true,"href":"http:\/\/advocacy.natura2000.ro\/index.php\/wp-json\/wp\/v2\/comments?post=2507"}],"version-history":[{"count":8,"href":"http:\/\/advocacy.natura2000.ro\/index.php\/wp-json\/wp\/v2\/posts\/2507\/revisions"}],"predecessor-version":[{"id":2515,"href":"http:\/\/advocacy.natura2000.ro\/index.php\/wp-json\/wp\/v2\/posts\/2507\/revisions\/2515"}],"wp:attachment":[{"href":"http:\/\/advocacy.natura2000.ro\/index.php\/wp-json\/wp\/v2\/media?parent=2507"}],"wp:term":[{"taxonomy":"category","embeddable":true,"href":"http:\/\/advocacy.natura2000.ro\/index.php\/wp-json\/wp\/v2\/categories?post=2507"},{"taxonomy":"post_tag","embeddable":true,"href":"http:\/\/advocacy.natura2000.ro\/index.php\/wp-json\/wp\/v2\/tags?post=2507"}],"curies":[{"name":"wp","href":"https:\/\/api.w.org\/{rel}","templated":true}]}}