{"id":2516,"date":"2021-06-30T09:12:00","date_gmt":"2021-06-30T09:12:00","guid":{"rendered":"http:\/\/advocacy.natura2000.ro\/?p=2516"},"modified":"2021-09-24T09:12:58","modified_gmt":"2021-09-24T09:12:58","slug":"grup-de-lucru-legislatie-arii-protejate-legal-work-group","status":"publish","type":"post","link":"http:\/\/advocacy.natura2000.ro\/index.php\/2021\/06\/30\/grup-de-lucru-legislatie-arii-protejate-legal-work-group\/","title":{"rendered":"Grup de lucru legisla\u021bie arii protejate \/  Legal work group"},"content":{"rendered":"\n<p>Engilsh below \/\/ Coali\u021bia Natura 2000 a fost invitat\u0103 \u00een cadrul grupului de lucru de la Ministerul Mediului, privind \u00eembun\u0103t\u0103\u021birea legisla\u021biei ce \u021bine de arii protejate. Este vorba despre un grup inter-insitu\u021bional (ANPM, ANANP, MM, GNM, Administra\u021bia Preziden\u021bial\u0103, CN2000) unde se au loc dezbateri \u0219i propuneri de acte normative \u00eembun\u0103t\u0103\u021bite \u00een ceea ce prive\u0219te \u00eentreg sistemul de guvernan\u021b\u0103 al ariilor protejate din Rom\u00e2nia. Coali\u021bia Natura 2000 este prezent\u0103 \u00een calitate de reprezentant al grupurilor de exper\u021bi din partea societ\u0103\u021bii civile. \u00cent\u00e2lnirile vor conduce la realizarea unui prim draft (versiune imbunat\u0103\u021bit\u0103 a OUg 57), urm\u00e2nd ca dup\u0103 finalizarea draftului, Coali\u021bia s\u0103 demareze ac\u021biuni participative pentru implicarea mai multor actori din partea societ\u0103\u021bii civile. <\/p>\n\n\n\n<p>Natura 2000 Coalition is now part of the technical workgroup organized by the Ministry of Environment, with the main purpose of improving the legal context regarding protected areas in Romania. We will be part in a trans-institutional work group, representing the expert network from the civil society, and together with other public institutions we will debate the actual legal framework and we will propose improved versions of the current law. Finally, a draft of the improved law (OUG 57\/2007) will be published and we (Natura 2000 Coalition) will organize participative events in order to listen and include opinions from a wider range of actors within the civil society. <\/p>\n","protected":false},"excerpt":{"rendered":"<p>Engilsh below \/\/ Coali\u021bia Natura 2000 a fost invitat\u0103 \u00een cadrul grupului de lucru de la Ministerul Mediului, privind \u00eembun\u0103t\u0103\u021birea legisla\u021biei ce \u021bine de arii protejate. Este vorba despre un grup inter-insitu\u021bional (ANPM, ANANP, MM, GNM, Administra\u021bia Preziden\u021bial\u0103, CN2000) unde se au loc dezbateri \u0219i propuneri de acte normative \u00eembun\u0103t\u0103\u021bite \u00een ceea ce prive\u0219te \u00eentreg[&hellip;]<\/p>\n","protected":false},"author":1,"featured_media":0,"comment_status":"open","ping_status":"open","sticky":false,"template":"","format":"standard","meta":{"footnotes":""},"categories":[28],"tags":[],"class_list":["post-2516","post","type-post","status-publish","format-standard","hentry","category-news"],"_links":{"self":[{"href":"http:\/\/advocacy.natura2000.ro\/index.php\/wp-json\/wp\/v2\/posts\/2516","targetHints":{"allow":["GET"]}}],"collection":[{"href":"http:\/\/advocacy.natura2000.ro\/index.php\/wp-json\/wp\/v2\/posts"}],"about":[{"href":"http:\/\/advocacy.natura2000.ro\/index.php\/wp-json\/wp\/v2\/types\/post"}],"author":[{"embeddable":true,"href":"http:\/\/advocacy.natura2000.ro\/index.php\/wp-json\/wp\/v2\/users\/1"}],"replies":[{"embeddable":true,"href":"http:\/\/advocacy.natura2000.ro\/index.php\/wp-json\/wp\/v2\/comments?post=2516"}],"version-history":[{"count":1,"href":"http:\/\/advocacy.natura2000.ro\/index.php\/wp-json\/wp\/v2\/posts\/2516\/revisions"}],"predecessor-version":[{"id":2517,"href":"http:\/\/advocacy.natura2000.ro\/index.php\/wp-json\/wp\/v2\/posts\/2516\/revisions\/2517"}],"wp:attachment":[{"href":"http:\/\/advocacy.natura2000.ro\/index.php\/wp-json\/wp\/v2\/media?parent=2516"}],"wp:term":[{"taxonomy":"category","embeddable":true,"href":"http:\/\/advocacy.natura2000.ro\/index.php\/wp-json\/wp\/v2\/categories?post=2516"},{"taxonomy":"post_tag","embeddable":true,"href":"http:\/\/advocacy.natura2000.ro\/index.php\/wp-json\/wp\/v2\/tags?post=2516"}],"curies":[{"name":"wp","href":"https:\/\/api.w.org\/{rel}","templated":true}]}}