{"id":2548,"date":"2021-11-20T07:33:04","date_gmt":"2021-11-20T07:33:04","guid":{"rendered":"http:\/\/advocacy.natura2000.ro\/?p=2548"},"modified":"2021-11-20T07:49:09","modified_gmt":"2021-11-20T07:49:09","slug":"legea-privind-interventia-de-urgenta-in-cazul-atacurilor-ursilor-nu-rezolva-problemele","status":"publish","type":"post","link":"http:\/\/advocacy.natura2000.ro\/index.php\/2021\/11\/20\/legea-privind-interventia-de-urgenta-in-cazul-atacurilor-ursilor-nu-rezolva-problemele\/","title":{"rendered":"Legea privind interven\u021bia de urgen\u021b\u0103 \u00een cazul atacurilor ur\u0219ilor nu rezolv\u0103 problemele!"},"content":{"rendered":"\n<p><em>ONG-urile solicit\u0103 ca proiectul de lege s\u0103 nu fie aprobat p\u00e2n\u0103 nu are loc un<\/em> <em>dialog incluziv, onest \u0219i real cu toate p\u0103r\u021bile interesate<a><\/a><\/em><\/p>\n\n\n\n<p><em>18 noiembrie 2021<\/em>. Proiectul de lege pentru aprobarea ordonan\u021bei privind interven\u021bia de urgen\u021b\u0103 \u00een cazul atacurilor ur\u0219ilor nu trebuie votat, p\u00e2n\u0103 ce forma final\u0103 nu include solu\u021bii reale \u0219i integrate. Sunt necesare \u00eembun\u0103t\u0103\u021biri substan\u021biale \u00een urma unui dialog dialog incluziv, onest \u0219i real, \u00een vederea g\u0103sirii celor mai potrivite \u0219i eficiente solu\u021bii, pe termen scurt \u0219i lung, pentru \u00eembun\u0103t\u0103\u021birea coexisten\u021bei \u00eentre oameni \u0219i ur\u0219i.<\/p>\n\n\n\n<p>WWF Rom\u00e2nia, ACDB, MILVUS, FCC, Federa\u021bia Natura 2000 \u0219i alte organiza\u021bii de mediu sunt \u00een favoarea implement\u0103rii transparente \u0219i obiective a unor m\u0103suri benefice at\u00e2t omului, c\u00e2t \u0219i ursului, \u00eens\u0103 \u00een forma actual\u0103, OUG 81\/2021 nu garanteaz\u0103 c\u0103 num\u0103rul \u0219i magnitudinea conflictelor cu ur\u0219ii vor sc\u0103dea. Uciderea exemplarelor problem\u0103 de urs prin \u00eempu\u0219care poate fi o solu\u021bie eficient\u0103 pe termen scurt, la nivel local, dar trebuie obligatoriu completat\u0103 \u0219i cu ac\u021biuni eficiente care s\u0103 previn\u0103 ur\u0219ii s\u0103 se obi\u0219nuiasc\u0103 cu oamenii.<\/p>\n\n\n\n<p>Ordonan\u021ba de Urgen\u021b\u0103 81\/2021 adoptat\u0103 pe data de 21 iulie 2021 de c\u0103tre Guvernul Rom\u00e2niei pentru interven\u021bia de urgen\u021b\u0103 \u00een cazul atacurilor ur\u0219ilor ridic\u0103 multe semne de \u00eentrebare \u0219i probleme legate at\u00e2t de fundamentarea ei, c\u00e2t mai ales de lan\u021bul decizional \u0219i de riscurile pe care le pot ridica interven\u021biile \u00een intravilan pentru popula\u021bia local\u0103. Fundamentarea OUG nu se bazeaz\u0103 pe date \u0219i statistici robuste \u0219i nu include punctul de vedere al exper\u021bilor \u00een conservarea speciei.<\/p>\n\n\n\n<p><strong>Pa\u0219ii esen\u021biali pentru ca m\u0103surile de interven\u021bie s\u0103 fie eficiente<\/strong><\/p>\n\n\n\n<p><strong>Decizia interven\u021biei de urgen\u021b\u0103 trebuia pus\u0103 \u00een sarcina unui reprezentant al Ministerului Mediului<\/strong> \u00een teritoriu, precum Garda Forestier\u0103 sau Garda de Mediu, \u0219i nu a primarului sau viceprimarului, a\u0219a cum este prev\u0103zut \u00een textul ordonan\u021bei. Av\u00e2nd \u00een vedere c\u0103 ursul este o specie strict protejat\u0103, este nevoie de obiectivitate maxim\u0103 \u00een luarea deciziei de interven\u021bie, dar \u0219i de cuno\u0219tin\u021be temeinice legate de comportamentul ur\u0219ilor. \u00cen toate \u021b\u0103rile care se confrunt\u0103 cu probleme similare, de la Slovacia \u0219i p\u00e2n\u0103 la Canada, aceste decizii sunt luate de persoane cu competen\u021b\u0103 \u00een domeniu.<\/p>\n\n\n\n<p><strong>Propunerea de \u00eempu\u0219care a animalului s\u0103lbatic \u00een intravilan poate fi periculoas\u0103<\/strong> pentru localnici \u0219i nu se practic\u0103 \u00een nicio alt\u0103 \u021bar\u0103. Solu\u021bia agreat\u0103 peste tot \u00een lume presupune tranchilizarea \u00een localitate \u0219i eutanasierea ursului \u00een afara localit\u0103\u021bii.<\/p>\n\n\n\n<p>Interven\u021bia gradual\u0103 poate fi o idee pozitiv\u0103, \u00eens\u0103 protocolul de interven\u021bie aprobat prin OUG nu este explicat suficient \u0219i las\u0103 loc interpret\u0103rilor. Mai mult, \u00een elaborarea OUG-ului nu a fost utilizat nici protocolul pentru prevenirea \u0219i solu\u021bionarea conflictelor cu ur\u0219ii [1], elaborat de UE \u00een 2015. Toate \u021b\u0103rile care se confrunt\u0103 cu astfel de interac\u021biuni om-urs de\u021bin un protocol detaliat, care s\u0103 ajute la evaluarea obiectiv\u0103 a situa\u021biei \u0219i respectiv luarea celei mai bune decizii, at\u00e2t pentru comunit\u0103\u021bile umane c\u00e2t \u0219i pentru ur\u0219i.<\/p>\n\n\n\n<p>Cu toate c\u0103 OUG 81\/2021 se refer\u0103 strict la interven\u021biile \u00een intravilan, Ministrul Mediului Apelor \u0219i P\u0103durilor a anun\u021bat deja c\u0103 <strong>dore\u0219te extinderea interven\u021biilor \u0219i \u00een extravilan<\/strong> odat\u0103 cu aceast\u0103 propunere de lege. O asemenea m\u0103sur\u0103 \u00een primul r\u00e2nd nu ar fi legal\u0103 pentru c\u0103 nu se reg\u0103se\u0219te \u00een forma aprobat\u0103 de Senat \u0219i ar \u00eensemna o nerespectare a principiului constitu\u021bional al bicameralismului. \u00cen plus, deturneaz\u0103 \u00eens\u0103\u0219i principiul interven\u021biei \u00een situa\u021bii de urgen\u021b\u0103 pe care a fost construit\u0103 OUG81\/2021 \u0219i ar avea numeroase efecte negative asupra popula\u021biei de urs brun, facilit\u00e2nd \u00eempu\u0219carea unor <strong>&nbsp;exemplare trofeu care s\u0103 nu fie problematice<\/strong> pentru comuni\u021b\u0103\u021bile locale sau turi\u0219ti. Lipsa marc\u0103rii \u0219i, \u00een general, a monitoriz\u0103rii exemplarelor problematice de urs poate duce la diverse abuzuri a\u0219a cum a \u0219i fost demonstrat (cazul ursului Arthur), ceea ce ar ad\u00e2nci \u0219i mai mult problemele legate de gestionarea popula\u021biei de ur\u0219i \u00een acest moment. WWF sublinizaz\u0103 \u00eenc\u0103 odat\u0103 faptul c\u0103 interven\u021biile trebuie s\u0103 vizeze ur\u0219ii habitua\u021bi care intr\u0103 \u00een localit\u0103\u021bi.<\/p>\n\n\n\n<p><strong>Solu\u021bii propuse, din nou, de ONG-uri, pentru reducerea conflictelor cu ur\u0219ii<\/strong><\/p>\n\n\n\n<p>Pentru ca ursul s\u0103 nu asocieze localit\u0103\u021bile cu sursa de hran\u0103, este nevoie s\u0103 fie implementate de autorit\u0103\u021bi de acum \u0219i pe termen lung, o serie de m\u0103suri precum: amplasarea de pubele anti-urs \u0219i \u00eembun\u0103t\u0103\u021birea gestion\u0103rii de\u0219eurilor; implicarea activ\u0103 a localnicilor \u00een limitarea hr\u0103nirii ur\u0219ilor; utilizarea de sisteme \u0219i m\u0103suri de prevenire a atacurilor ur\u0219ilor asupra animalelor domestice, cum ar fi garduri electrice \u0219i c\u00e2ini specializa\u021bi de paz\u0103; \u00eembun\u0103t\u0103\u021birea sistemului de compensare a pagubelor provocate de urs; reducerea fragment\u0103rii habitatelor naturale, limitarea colect\u0103rii fructelor de p\u0103dure \u00een arealul de distribu\u021bie a speciei, etc. Mai mult, e nevoie s\u0103 fie interzis\u0103 hr\u0103nirea complementar\u0103 \u00een fondurile cinegetice pe o raz\u0103 de cel pu\u021bin 10 km fa\u021b\u0103 de localit\u0103\u021bi, \u00een zonele \u00een care ursul este permanent prezent.<\/p>\n\n\n\n<p><strong>Solicit\u0103rile noastre<\/strong><\/p>\n\n\n\n<p><strong>Procesul de aprobare a OUG 81\/2021 este activ, \u00een prezent OUG aprobat\u0103 de c\u0103tre Senatul Rom\u00e2niei este \u00een dezbatare la Camera Deputa\u021biilor.<\/strong> WWF, al\u0103turi de alte ONG-uri din domeniu, consider\u0103&nbsp; acest proces&nbsp; esen\u021bial pentru evolu\u021bia \u00eentregului sistem de management al ursului pentru urm\u0103torii ani. Prin urmare solicit\u0103 transparentizarea acestuia.&nbsp; Solicit\u0103 Ministerului Mediului s\u0103 pun\u0103 la dispozi\u021bia publicului amendamentele depuse de to\u021bi participan\u021bii la dezbateri \u0219i date concrete care s\u0103 demonstreze scara la care au fost implementate m\u0103surile de preven\u021bie. De asemenea, solicit\u0103 completarea OUG-ului cu solu\u021biile pe termen lung propuse mai sus.<\/p>\n\n\n\n<p><strong>Legea nu trebuie s\u0103 prevad\u0103 extinderea interven\u021biilor \u00een extravilan \u0219i nu trebuie votat\u0103 p\u00e2n\u0103 c\u00e2nd nu se modific\u0103 \u0219i \u00eembun\u0103t\u0103\u021be\u0219te OUG 81\/2021 \u00een urma unui dialog \u0219i proces transparent la care s\u0103 participe \u00een mod egal toate p\u0103r\u021bile interesate.<\/strong><\/p>\n\n\n\n<p><\/p>\n\n\n\n<p>Documentul de pozi\u021bie integral!<\/p>\n\n\n\n<div data-wp-interactive=\"core\/file\" class=\"wp-block-file\"><object data-wp-bind--hidden=\"!state.hasPdfPreview\" hidden class=\"wp-block-file__embed\" data=\"http:\/\/advocacy.natura2000.ro\/wp-content\/uploads\/2021\/11\/2021.11.19-Pozitie-OUG-Interventie_Carnivore-Mari.pdf\" type=\"application\/pdf\" style=\"width:100%;height:600px\" aria-label=\"Embed of Embed of 2021.11.19-Pozitie-OUG-Interventie_Carnivore-Mari..\"><\/object><a href=\"http:\/\/advocacy.natura2000.ro\/wp-content\/uploads\/2021\/11\/2021.11.19-Pozitie-OUG-Interventie_Carnivore-Mari.pdf\">2021.11.19-Pozitie-OUG-Interventie_Carnivore-Mari<\/a><a href=\"http:\/\/advocacy.natura2000.ro\/wp-content\/uploads\/2021\/11\/2021.11.19-Pozitie-OUG-Interventie_Carnivore-Mari.pdf\" class=\"wp-block-file__button\" download>Download<\/a><\/div>\n\n\n\n<p><\/p>\n\n\n\n<p>[1] <a href=\"https:\/\/ec.europa.eu\/environment\/nature\/conservation\/species\/carnivores\/pdf\/pa_bear_problem%20bear%20pilot%20action%202015.pdf\">https:\/\/ec.europa.eu\/environment\/nature\/conservation\/species\/carnivores\/pdf\/pa_bear_problem%20bear%20pilot%20action%202015.pdf<\/a><\/p>\n\n\n\n<p>Natura 2000 Coalition is not supporting the actual act on emergency carnivore intervention procedure. There are real solutions out there which need to be discussed in order to reduce human-bear conflicts without any harm to each side. We urge the lawmakers to have a real, honest and inclusive dialogue in order to promote sustainable solutions. We can start with EU&#8217;s protocol on preventing human-bear conflicts: https:\/\/ec.europa.eu\/environment\/nature\/conservation\/species\/carnivores\/pdf\/pa_bear_problem%20bear%20pilot%20action%202015.pdf<\/p>\n","protected":false},"excerpt":{"rendered":"<p>ONG-urile solicit\u0103 ca proiectul de lege s\u0103 nu fie aprobat p\u00e2n\u0103 nu are loc un dialog incluziv, onest \u0219i real cu toate p\u0103r\u021bile interesate 18 noiembrie 2021. Proiectul de lege pentru aprobarea ordonan\u021bei privind interven\u021bia de urgen\u021b\u0103 \u00een cazul atacurilor ur\u0219ilor nu trebuie votat, p\u00e2n\u0103 ce forma final\u0103 nu include solu\u021bii reale \u0219i integrate. Sunt[&hellip;]<\/p>\n","protected":false},"author":1,"featured_media":2549,"comment_status":"open","ping_status":"open","sticky":false,"template":"","format":"standard","meta":{"footnotes":""},"categories":[1],"tags":[],"class_list":["post-2548","post","type-post","status-publish","format-standard","has-post-thumbnail","hentry","category-fara-categorie"],"_links":{"self":[{"href":"http:\/\/advocacy.natura2000.ro\/index.php\/wp-json\/wp\/v2\/posts\/2548","targetHints":{"allow":["GET"]}}],"collection":[{"href":"http:\/\/advocacy.natura2000.ro\/index.php\/wp-json\/wp\/v2\/posts"}],"about":[{"href":"http:\/\/advocacy.natura2000.ro\/index.php\/wp-json\/wp\/v2\/types\/post"}],"author":[{"embeddable":true,"href":"http:\/\/advocacy.natura2000.ro\/index.php\/wp-json\/wp\/v2\/users\/1"}],"replies":[{"embeddable":true,"href":"http:\/\/advocacy.natura2000.ro\/index.php\/wp-json\/wp\/v2\/comments?post=2548"}],"version-history":[{"count":4,"href":"http:\/\/advocacy.natura2000.ro\/index.php\/wp-json\/wp\/v2\/posts\/2548\/revisions"}],"predecessor-version":[{"id":2555,"href":"http:\/\/advocacy.natura2000.ro\/index.php\/wp-json\/wp\/v2\/posts\/2548\/revisions\/2555"}],"wp:featuredmedia":[{"embeddable":true,"href":"http:\/\/advocacy.natura2000.ro\/index.php\/wp-json\/wp\/v2\/media\/2549"}],"wp:attachment":[{"href":"http:\/\/advocacy.natura2000.ro\/index.php\/wp-json\/wp\/v2\/media?parent=2548"}],"wp:term":[{"taxonomy":"category","embeddable":true,"href":"http:\/\/advocacy.natura2000.ro\/index.php\/wp-json\/wp\/v2\/categories?post=2548"},{"taxonomy":"post_tag","embeddable":true,"href":"http:\/\/advocacy.natura2000.ro\/index.php\/wp-json\/wp\/v2\/tags?post=2548"}],"curies":[{"name":"wp","href":"https:\/\/api.w.org\/{rel}","templated":true}]}}