{"id":2557,"date":"2021-11-29T09:57:11","date_gmt":"2021-11-29T09:57:11","guid":{"rendered":"http:\/\/advocacy.natura2000.ro\/?p=2557"},"modified":"2021-11-29T09:57:13","modified_gmt":"2021-11-29T09:57:13","slug":"comunicat-de-presa","status":"publish","type":"post","link":"http:\/\/advocacy.natura2000.ro\/index.php\/2021\/11\/29\/comunicat-de-presa\/","title":{"rendered":"Comunicat de pres\u0103"},"content":{"rendered":"\n<p><strong>V\u00e2n\u0103toarea la toate speciile de p\u0103s\u0103ri suspendat\u0103 prin hot\u0103r\u00e2re judec\u0103toreasc\u0103<\/strong><\/p>\n\n\n\n<p>Bucure\u0219ti, 26 noiembrie. Curtea de Apel T\u00e2rgu Mure\u0219 a decis ast\u0103zi, 26 noiembrie 2021, suspendarea v\u00e2n\u0103torii pentru toate speciile de p\u0103s\u0103ri migratoare admise la v\u00e2n\u0103toare conform Ordinul nr. 1460\/2021 al Ministrului Mediului, Apelor \u015fi P\u0103durilor. <strong>Instan\u021ba a admis astfel o cerere formulat\u0103 de Asocia\u0163ia OTUS. Decizia este executorie de la momentul pronun\u021b\u0103rii.<\/strong><\/p>\n\n\n\n<p>Coali\u021bia Natura 2000 a sprijinit ac\u021biunea Asocia\u021biei OTUS, contribuind cu opiniile decisive ale speciali\u0219tilor din cadrul organiza\u021biei.<\/p>\n\n\n\n<p><strong>Este al doilea an consecutiv \u00een care Curtea de Apel T\u00e2rgu Mure\u0219 dispune de urgen\u021b\u0103 suspendarea ordinului ministrului mediului, apelor si padurilor care reglementeaz\u0103 stabilirea cotelor de v\u00e2n\u0103toare pentru unele specii de p\u0103s\u0103ri admise la v\u00e2n\u0103toare.<\/strong><\/p>\n\n\n\n<p>Ministerul Mediului, Apelor \u0219i P\u0103durilor a fost sus\u021binut de c\u0103tre asocia\u021bii de v\u00e2n\u0103tori, federa\u021bii ale acestora, asocia\u021bia general\u0103 a vanatorilor si pescarilor, regia na\u021bional\u0103 p\u0103durilor, vanatori persoane fizice, societ\u0103\u021bi comerciale av\u00e2nd ca obiect de activitate comercializarea articolelor v\u00e2n\u0103tore\u0219ti, to\u021bi intervenind \u00een favoarea ministerului.<\/p>\n\n\n\n<p><em>Acest rezultat atrage \u00eenc\u0103 o dat\u0103 aten\u021bia la faptul c\u0103 este imperativ <strong>ca aceste cote s\u0103 se bazeze pe fundamente \u0219tiin\u021bifice solide. Aceast\u0103 victorie va asigura \u00eenc\u0103 un sezon de v\u00e2n\u0103toare lini\u0219te p\u0103s\u0103rilor de interes cinegetic, dar suntem con\u0219tien\u021bi c\u0103 mai avem un hop mare \u00een cale: modificarea Legii 407\/2006<\/strong>. Aceast\u0103 modificare a fost atacat\u0103 la CCR deoarece, la fel ca ordinul \u00een cauz\u0103, acest act normativ nu are la baz\u0103 fundamentarea \u0219tiin\u021bific\u0103. Prin aceast\u0103 cale facem, din nou, un apel c\u0103tre pre\u0219edintele Rom\u00e2niei s\u0103 ac\u021bioneze \u00een beneficiul Naturii \u0219i nu \u00eempotriva ei, s\u0103 aib\u0103 curajul de a retrimite legea \u00een Parlament pentru reexaminare, <\/em>au declarat membrii Coali\u021biei Natura 2000.<\/p>\n\n\n\n<p>Dan Trifu,<\/p>\n\n\n\n<p>Coali\u021bia Natura 2000.<\/p>\n","protected":false},"excerpt":{"rendered":"<p>V\u00e2n\u0103toarea la toate speciile de p\u0103s\u0103ri suspendat\u0103 prin hot\u0103r\u00e2re judec\u0103toreasc\u0103 Bucure\u0219ti, 26 noiembrie. Curtea de Apel T\u00e2rgu Mure\u0219 a decis ast\u0103zi, 26 noiembrie 2021, suspendarea v\u00e2n\u0103torii pentru toate speciile de p\u0103s\u0103ri migratoare admise la v\u00e2n\u0103toare conform Ordinul nr. 1460\/2021 al Ministrului Mediului, Apelor \u015fi P\u0103durilor. Instan\u021ba a admis astfel o cerere formulat\u0103 de Asocia\u0163ia OTUS.[&hellip;]<\/p>\n","protected":false},"author":1,"featured_media":2558,"comment_status":"open","ping_status":"open","sticky":false,"template":"","format":"standard","meta":{"footnotes":""},"categories":[28],"tags":[],"class_list":["post-2557","post","type-post","status-publish","format-standard","has-post-thumbnail","hentry","category-news"],"_links":{"self":[{"href":"http:\/\/advocacy.natura2000.ro\/index.php\/wp-json\/wp\/v2\/posts\/2557","targetHints":{"allow":["GET"]}}],"collection":[{"href":"http:\/\/advocacy.natura2000.ro\/index.php\/wp-json\/wp\/v2\/posts"}],"about":[{"href":"http:\/\/advocacy.natura2000.ro\/index.php\/wp-json\/wp\/v2\/types\/post"}],"author":[{"embeddable":true,"href":"http:\/\/advocacy.natura2000.ro\/index.php\/wp-json\/wp\/v2\/users\/1"}],"replies":[{"embeddable":true,"href":"http:\/\/advocacy.natura2000.ro\/index.php\/wp-json\/wp\/v2\/comments?post=2557"}],"version-history":[{"count":1,"href":"http:\/\/advocacy.natura2000.ro\/index.php\/wp-json\/wp\/v2\/posts\/2557\/revisions"}],"predecessor-version":[{"id":2559,"href":"http:\/\/advocacy.natura2000.ro\/index.php\/wp-json\/wp\/v2\/posts\/2557\/revisions\/2559"}],"wp:featuredmedia":[{"embeddable":true,"href":"http:\/\/advocacy.natura2000.ro\/index.php\/wp-json\/wp\/v2\/media\/2558"}],"wp:attachment":[{"href":"http:\/\/advocacy.natura2000.ro\/index.php\/wp-json\/wp\/v2\/media?parent=2557"}],"wp:term":[{"taxonomy":"category","embeddable":true,"href":"http:\/\/advocacy.natura2000.ro\/index.php\/wp-json\/wp\/v2\/categories?post=2557"},{"taxonomy":"post_tag","embeddable":true,"href":"http:\/\/advocacy.natura2000.ro\/index.php\/wp-json\/wp\/v2\/tags?post=2557"}],"curies":[{"name":"wp","href":"https:\/\/api.w.org\/{rel}","templated":true}]}}