{"id":2582,"date":"2022-04-13T09:09:04","date_gmt":"2022-04-13T09:09:04","guid":{"rendered":"http:\/\/advocacy.natura2000.ro\/?p=2582"},"modified":"2022-04-13T09:09:06","modified_gmt":"2022-04-13T09:09:06","slug":"intalnirea-de-lucru-a-ministrului-mediului-apelor-si-padurilor-tanczos-barna-cu-virginijus-sinkevicius-comisarul-european-responsabil-pentru-mediu-oceane-si-pescuit","status":"publish","type":"post","link":"http:\/\/advocacy.natura2000.ro\/index.php\/2022\/04\/13\/intalnirea-de-lucru-a-ministrului-mediului-apelor-si-padurilor-tanczos-barna-cu-virginijus-sinkevicius-comisarul-european-responsabil-pentru-mediu-oceane-si-pescuit\/","title":{"rendered":"Int\u00e2lnirea de lucru a Ministrului mediului apelor \u0219i p\u0103durilor, T\u00e1nczos Barna cu Virginijus Sinkevi\u010dius, comisarul european responsabil pentru mediu, oceane \u0219i pescuit"},"content":{"rendered":"\n<p>Coali\u021bia Natura 2000 a fost prezent\u0103 azi, la 2 \u0219edin\u021be importante, \u00eentr-o zi decisiv\u0103 pentru problemele de mediu cu care Rom\u00e2nia se confrunt\u0103. <\/p>\n\n\n\n<p>\u00cen prima parte a zilei, am participat la \u00eent\u00e2lnirea de lucru a Ministrului mediului apelor \u0219i p\u0103durilor, <a href=\"https:\/\/web.facebook.com\/TanczosBarna?__cft__[0]=AZXlvHBRWsztwVhB5cAPP4LBJeRoCCgk5phCRsQgIeG5NA4Sqp18O48Qu6Z0NGw3EfOw1kttCvpCbb27Df0KxhGk0nb68KsKKuJDg1LlYcIWWQUycv8Xf1eQ_azslpLi2YW_wSmh71XMkykUvvQgbBrMX2rdcuQWftmT-mpQAJqltuZ2RFnc5K6gsJQy8HMqOYo&amp;__tn__=-]K-R\">T\u00e1nczos Barna<\/a> cu Virginijus Sinkevi\u010dius, comisarul european responsabil pentru mediu, oceane \u0219i pescuit. Au participat \u0219i secretarii de stat Sorin Ionu\u021b Banciu \u0219i R\u00f3bert Sz\u00e9p. S-a discutat despre SUMAL 2.0 si necesitatea de \u00eembun\u0103t\u0103\u021bire a acestuia, despre situa\u021bia p\u0103durilor \u0219i urgen\u021ba de a combate infrac\u021biunile din domeniul silvic.<\/p>\n\n\n\n<p><a href=\"https:\/\/web.facebook.com\/CoalitiaNatura2000\/posts\/10158248079207133\">Mai multe detalii pe Facebook<\/a><\/p>\n","protected":false},"excerpt":{"rendered":"<p>Coali\u021bia Natura 2000 a fost prezent\u0103 azi, la 2 \u0219edin\u021be importante, \u00eentr-o zi decisiv\u0103 pentru problemele de mediu cu care Rom\u00e2nia se confrunt\u0103. \u00cen prima parte a zilei, am participat la \u00eent\u00e2lnirea de lucru a Ministrului mediului apelor \u0219i p\u0103durilor, T\u00e1nczos Barna cu Virginijus Sinkevi\u010dius, comisarul european responsabil pentru mediu, oceane \u0219i pescuit. Au participat[&hellip;]<\/p>\n","protected":false},"author":1,"featured_media":2583,"comment_status":"open","ping_status":"open","sticky":false,"template":"","format":"standard","meta":{"footnotes":""},"categories":[28],"tags":[32,33,37],"class_list":["post-2582","post","type-post","status-publish","format-standard","has-post-thumbnail","hentry","category-news","tag-ministrul-mediului","tag-tanczos-barna","tag-virginijus-sinkevicius"],"_links":{"self":[{"href":"http:\/\/advocacy.natura2000.ro\/index.php\/wp-json\/wp\/v2\/posts\/2582","targetHints":{"allow":["GET"]}}],"collection":[{"href":"http:\/\/advocacy.natura2000.ro\/index.php\/wp-json\/wp\/v2\/posts"}],"about":[{"href":"http:\/\/advocacy.natura2000.ro\/index.php\/wp-json\/wp\/v2\/types\/post"}],"author":[{"embeddable":true,"href":"http:\/\/advocacy.natura2000.ro\/index.php\/wp-json\/wp\/v2\/users\/1"}],"replies":[{"embeddable":true,"href":"http:\/\/advocacy.natura2000.ro\/index.php\/wp-json\/wp\/v2\/comments?post=2582"}],"version-history":[{"count":1,"href":"http:\/\/advocacy.natura2000.ro\/index.php\/wp-json\/wp\/v2\/posts\/2582\/revisions"}],"predecessor-version":[{"id":2584,"href":"http:\/\/advocacy.natura2000.ro\/index.php\/wp-json\/wp\/v2\/posts\/2582\/revisions\/2584"}],"wp:featuredmedia":[{"embeddable":true,"href":"http:\/\/advocacy.natura2000.ro\/index.php\/wp-json\/wp\/v2\/media\/2583"}],"wp:attachment":[{"href":"http:\/\/advocacy.natura2000.ro\/index.php\/wp-json\/wp\/v2\/media?parent=2582"}],"wp:term":[{"taxonomy":"category","embeddable":true,"href":"http:\/\/advocacy.natura2000.ro\/index.php\/wp-json\/wp\/v2\/categories?post=2582"},{"taxonomy":"post_tag","embeddable":true,"href":"http:\/\/advocacy.natura2000.ro\/index.php\/wp-json\/wp\/v2\/tags?post=2582"}],"curies":[{"name":"wp","href":"https:\/\/api.w.org\/{rel}","templated":true}]}}