{"id":2592,"date":"2022-06-20T08:06:05","date_gmt":"2022-06-20T08:06:05","guid":{"rendered":"http:\/\/advocacy.natura2000.ro\/?p=2592"},"modified":"2022-06-20T08:06:07","modified_gmt":"2022-06-20T08:06:07","slug":"deblocarea-ariilor-protejate","status":"publish","type":"post","link":"http:\/\/advocacy.natura2000.ro\/index.php\/2022\/06\/20\/deblocarea-ariilor-protejate\/","title":{"rendered":"Deblocarea administr\u0103rii ariilor protejate din Rom\u00e2nia"},"content":{"rendered":"\n<p>Coali\u021bia Natura 2000 Rom\u00e2nia consider\u0103 c\u0103 actuala legisla\u021bie a ariilor protejate blocheaz\u0103 administrarea real\u0103 a acestora, fiind necesar\u0103 o revizuire urgent\u0103, care s\u0103 modernizeze politica de conservare a biodiversit\u0103\u021bii \u0219i a valorilor asociate. O astfel de revizuire, implic\u0103 pe de-o parte includerea obliga\u021biilor legale ce \u021bin de directivele UE, iar pe de alt\u0103 parte, presupune reg\u00e2ndirea unor articole nefunc\u021bionale, din mai multe perspective. Coali\u021bia Natura 2000 a fost implicat\u0103 \u00een ultimul an \u00een mai multe grupuri de lucru, at\u00e2t la nivelul institu\u021biilor de stat c\u00e2t \u0219i la nivelul societ\u0103\u021bii civile, organizate \u00een cadrul proiectului \u201dGuvernan\u021b\u0103 participativ\u0103 prin implicarea societ\u0103\u021bii civile \u00een protec\u021bia naturii din Rom\u00e2nia\u201d. De-a lungul acestui proces s-a agreat asupra urm\u0103toarelor aspecte critice, pe care Coali\u021bia \u0219i majoritatea actorilor implica\u021bi le doresc \u00eembun\u0103t\u0103\u021bite:\u00a0<\/p>\n\n\n\n<!--more-->\n\n\n\n<figure class=\"wp-block-image size-large\"><img loading=\"lazy\" decoding=\"async\" width=\"1024\" height=\"768\" src=\"http:\/\/advocacy.natura2000.ro\/wp-content\/uploads\/2022\/06\/Deblocarea-administrarii-ariilor-protejate-inside-1024x768.png\" alt=\"\" class=\"wp-image-2593\" srcset=\"http:\/\/advocacy.natura2000.ro\/wp-content\/uploads\/2022\/06\/Deblocarea-administrarii-ariilor-protejate-inside-1024x768.png 1024w, http:\/\/advocacy.natura2000.ro\/wp-content\/uploads\/2022\/06\/Deblocarea-administrarii-ariilor-protejate-inside-300x225.png 300w, http:\/\/advocacy.natura2000.ro\/wp-content\/uploads\/2022\/06\/Deblocarea-administrarii-ariilor-protejate-inside-768x576.png 768w, http:\/\/advocacy.natura2000.ro\/wp-content\/uploads\/2022\/06\/Deblocarea-administrarii-ariilor-protejate-inside-1536x1152.png 1536w, http:\/\/advocacy.natura2000.ro\/wp-content\/uploads\/2022\/06\/Deblocarea-administrarii-ariilor-protejate-inside-2048x1536.png 2048w, http:\/\/advocacy.natura2000.ro\/wp-content\/uploads\/2022\/06\/Deblocarea-administrarii-ariilor-protejate-inside-800x600.png 800w, http:\/\/advocacy.natura2000.ro\/wp-content\/uploads\/2022\/06\/Deblocarea-administrarii-ariilor-protejate-inside-600x450.png 600w\" sizes=\"auto, (max-width: 1024px) 100vw, 1024px\" \/><\/figure>\n\n\n\n<ol class=\"wp-block-list\"><li><strong>Posibilitatea oric\u0103ror entit\u0103\u021bi juridice eligibile, s\u0103 devin\u0103 administratori delega\u021bi<\/strong>. Din 2018, statul a promulgat o serie de amendamente care au exclus organiza\u021biile neguvernamentale de la posibilitatea de administrare a ariilor protejate, acestea r\u0103m\u00e2n\u00e2nd sub controlul unei agen\u021bii de stat, care \u0219i-a dovedit incapacitatea \u00een fa\u021ba a sute de regiuni protejate ce acoper\u0103 peste 20% din suprafa\u021ba \u021b\u0103rii. Organiza\u021biile societ\u0103\u021bii civile au contribuit la administrarea ariilor protejate cu milioane de euro accesa\u021bi prin proiecte, sute de exper\u021bi \u00een biodiversitate, conservare, dezvoltare durabil\u0103, turism \u0219i mii de voluntari, \u00een timp ce agen\u021bia responsabil\u0103 a administrat arii protejate cu o medie de 3 oameni pe jude\u021b.<\/li><li>Recunoa\u0219terea prin lege a administr\u0103rii ariilor protejate ca fiind un <strong>serviciu de interes public<\/strong>, astfel fiind \u00eent\u0103rite bazele deleg\u0103rii \u0219i finan\u021b\u0103rii acestor servicii.&nbsp;<\/li><li>Standardizarea sistemului de management al ariilor protejate, adopt\u00e2nd <strong>categoriile \u0219i principiile promovate de UICN<\/strong> (Uniunea Interna\u0163ional\u0103 pentru Conservarea Naturii). Astfel de standarde, ajut\u0103 la crearea unui cadru legal clar \u0219i eficient, la \u00eembun\u0103t\u0103\u021birea comunic\u0103rii \u0219i a \u00een\u021belegerii celor implica\u021bi \u00een conservare \u0219i la facilitarea unor instrumente de planificare, func\u021bionale \u0219i dovedite la nivel interna\u021bional.&nbsp;<\/li><li>Baza legal\u0103 pentru o modalitate modern\u0103, informatizat\u0103, transparent\u0103 \u0219i func\u021bional\u0103 de <strong>evaluare<\/strong>. Evaluarea reprezint\u0103 un aspect critic \u0219i este piroritar\u0103 o dezbatere extins\u0103 asupra principiilor de evaluare, care trebuie s\u0103 aib\u0103 \u00een primul r\u00e2nd rol de \u00eendrumare. Sistemul de evaluare (\u0219i autoevaluare) trebuie de asemenea s\u0103 \u00eencurajeze, pe de-o parte, administratorii s\u0103 contribuie cu date reale \u00een baza de date, iar pe de alt\u0103 parte, s\u0103 creeze un context neutru \u0219i obiectiv pentru evaluatori.<\/li><li>Introducerea unor <strong>termene \u0219i responsabilit\u0103\u021bi<\/strong> clare pentru articolele din legea ariilor protejate. \u00cencep\u00e2nd cu procesul de realizare, revizuire \u0219i aprobare a planurilor de management, \u0219i continu\u00e2nd cu toate articolele care presupun realizarea de activit\u0103\u021bi critice pentru administrare este necesar un termen de timp clar pentru \u00eendeplinirea acestora.&nbsp;<\/li><li>Revizuirea sistemului de <strong>zonare<\/strong> pentru ariile protejate. Zonarea trebuie s\u0103 fie un instrument clar de management \u0219i de comunicare, \u00eens\u0103 \u00een acest moment, \u00een OUG 57\/2007 reg\u0103sim o sec\u021biune de lege stufoas\u0103, cu erori, repeti\u021bii, condradic\u021bii \u0219i neclarit\u0103\u021bi. Coali\u021bia Natura 2000 propune o zonare clar\u0103, aplicabil\u0103 pentru orice tipuri de arii protejate, care s\u0103 permit\u0103 l\u0103rgirea suprafe\u021belor de protec\u021bie strict\u0103 \u0219i care s\u0103 \u021bin\u0103 cont at\u00e2t de nevoile de conservare c\u00e2t \u0219i de nevoile comunit\u0103\u021bilor din arii protjeate.&nbsp;<\/li><li>Introducerea unor articole care s\u0103 permit\u0103 <strong>finan\u021barea<\/strong> de la bugetul de stat, \u00eentr-o manier\u0103 transparent\u0103, eficient\u0103 \u0219i eficace a serviciilor de baza\u0103 necesare pentru administrarea ariilor protejate.<\/li><\/ol>\n\n\n\n<p>Un prim draft al acestor propuneri se poate consulta pe site-ul proiectului: <a href=\"http:\/\/advocacy.natura2000.ro\/index.php\/2022\/05\/14\/propunerile-coalitiei-pentru-oug-57\/\">http:\/\/advocacy.natura2000.ro\/index.php\/2022\/05\/14\/propunerile-coalitiei-pentru-oug-57\/<\/a>&nbsp;<\/p>\n\n\n\n<p>Activita\u021bile au loc \u00een cadrul proiectului: \u201dGuvernan\u021b\u0103 participativ\u0103 prin implicarea societ\u0103\u021bii civile \u00een protec\u021bia naturii din Rom\u00e2nia\u201d, proiect derulat de Federa\u021bia Coali\u021bia Natura 2000 \u00een parteneriat cu Asocia\u021bia Pro Democra\u021bia Club Bra\u0219ov, cu sprijinul financiar Active Citizens Fund Rom\u00e2nia, program finan\u021bat de Islanda, Liechtenstein \u0219i Norvegia prin Granturile SEE 2014-2021.<\/p>\n\n\n\n<p>Con\u021binutul acestui material nu reprezint\u0103 \u00een mod necesar pozi\u021bia oficial\u0103 a Granturilor SEE \u0219i Norvegiene 2014-2021; pentru mai multe informa\u021bii accesa\u021bi <a href=\"https:\/\/l.facebook.com\/l.php?u=http:\/\/www.eeagrants.org\/?fbclid=IwAR0Ij05o-M2HFc0171VsixnwFVwfCOm5W0nsKj6s-62SqOu5FWTOBExFPLc&amp;h=AT2HSPDk66I1qYzxXexrCGuPLS4hC0tvtWjehla0snuDuCL3fRMylDszQeeFkIO5OWqXanSfp2RayPQGuDNoE5-aniRNBkodny-zfncCgKINWuFir1N4X--KrKbesI20GCqp&amp;__tn__=-UK-R&amp;c%25255B0%25255D=AT3WGYsxx6BovN9wsJAu55tTYv3y6Q_pXFhp9TyWBM0_oQinOgf7KATOPhWVW5pXSKDEyVW1T8_ONZX1yOI7o6wiEE_7m_Hf3umPf7hJGKLD00DBxjdbOJazi6_iicJipOtpkbLYwAe1_yxoCD6KoOKyIUwneFgrOjTg8rB9Xb9Kgf0DudVPLfy9Rg9_JnL6vKRis7o\">www.eeagrants.org.<\/a><\/p>\n","protected":false},"excerpt":{"rendered":"<p>Coali\u021bia Natura 2000 Rom\u00e2nia consider\u0103 c\u0103 actuala legisla\u021bie a ariilor protejate blocheaz\u0103 administrarea real\u0103 a acestora, fiind necesar\u0103 o revizuire urgent\u0103, care s\u0103 modernizeze politica de conservare a biodiversit\u0103\u021bii \u0219i a valorilor asociate. O astfel de revizuire, implic\u0103 pe de-o parte includerea obliga\u021biilor legale ce \u021bin de directivele UE, iar pe de alt\u0103 parte, presupune[&hellip;]<\/p>\n","protected":false},"author":1,"featured_media":2594,"comment_status":"open","ping_status":"open","sticky":false,"template":"","format":"standard","meta":{"footnotes":""},"categories":[28],"tags":[31,38,30],"class_list":["post-2592","post","type-post","status-publish","format-standard","has-post-thumbnail","hentry","category-news","tag-arii-naturale","tag-arii-protejate","tag-propunere-legislativa"],"_links":{"self":[{"href":"http:\/\/advocacy.natura2000.ro\/index.php\/wp-json\/wp\/v2\/posts\/2592","targetHints":{"allow":["GET"]}}],"collection":[{"href":"http:\/\/advocacy.natura2000.ro\/index.php\/wp-json\/wp\/v2\/posts"}],"about":[{"href":"http:\/\/advocacy.natura2000.ro\/index.php\/wp-json\/wp\/v2\/types\/post"}],"author":[{"embeddable":true,"href":"http:\/\/advocacy.natura2000.ro\/index.php\/wp-json\/wp\/v2\/users\/1"}],"replies":[{"embeddable":true,"href":"http:\/\/advocacy.natura2000.ro\/index.php\/wp-json\/wp\/v2\/comments?post=2592"}],"version-history":[{"count":1,"href":"http:\/\/advocacy.natura2000.ro\/index.php\/wp-json\/wp\/v2\/posts\/2592\/revisions"}],"predecessor-version":[{"id":2595,"href":"http:\/\/advocacy.natura2000.ro\/index.php\/wp-json\/wp\/v2\/posts\/2592\/revisions\/2595"}],"wp:featuredmedia":[{"embeddable":true,"href":"http:\/\/advocacy.natura2000.ro\/index.php\/wp-json\/wp\/v2\/media\/2594"}],"wp:attachment":[{"href":"http:\/\/advocacy.natura2000.ro\/index.php\/wp-json\/wp\/v2\/media?parent=2592"}],"wp:term":[{"taxonomy":"category","embeddable":true,"href":"http:\/\/advocacy.natura2000.ro\/index.php\/wp-json\/wp\/v2\/categories?post=2592"},{"taxonomy":"post_tag","embeddable":true,"href":"http:\/\/advocacy.natura2000.ro\/index.php\/wp-json\/wp\/v2\/tags?post=2592"}],"curies":[{"name":"wp","href":"https:\/\/api.w.org\/{rel}","templated":true}]}}