{"id":2597,"date":"2022-07-04T11:18:01","date_gmt":"2022-07-04T11:18:01","guid":{"rendered":"http:\/\/advocacy.natura2000.ro\/?p=2597"},"modified":"2022-07-04T11:18:03","modified_gmt":"2022-07-04T11:18:03","slug":"glasul-naturii-suntem-noi","status":"publish","type":"post","link":"http:\/\/advocacy.natura2000.ro\/index.php\/2022\/07\/04\/glasul-naturii-suntem-noi\/","title":{"rendered":"Glasul naturii suntem noi"},"content":{"rendered":"\n<p>Glasul naturii suntem noi. \u0218i noi, \u0219i voi, \u0219i politicienii, \u0219i administra\u021bia public\u0103, cu to\u021bii suntem responsabili de tot ceea ce ne \u00eenconjoar\u0103 \u0219i de tot ceea ce se petrece cu biodiversitatea care ne \u00eenconjoar\u0103.<\/p>\n\n\n\n<p>Tr\u0103im \u00eentr-o \u021bar\u0103 frumoas\u0103, a c\u0103rui relief ne ofer\u0103 o diversitate extrem de generoas\u0103 \u00een ceea ce privesc at\u00e2t fauna, c\u00e2t \u0219i vegeta\u021bia. O \u021bar\u0103 cu at\u00e2t de multe sisteme naturale unice, cu multe obiective turistice de interes interna\u021bional, dar pe care din p\u0103cate, le gestion\u0103m \u0219i le conserv\u0103m destul de prost, astfel \u00eenc\u00e2t, mai devreme sau mai t\u00e2rziu, vor \u00eenceta s\u0103 ne privilegieze cu frumuse\u021bea \u0219i complexitatea lor.<\/p>\n\n\n\n<!--more-->\n\n\n\n<p>Sistemul nostru na\u021bional de reglementare, decizii \u0219i ac\u021biuni din sfera ariilor protejate este compus din oameni care nu ar trebui s\u0103-\u0219i g\u0103seasc\u0103 locul acolo. Din nefericire, politica murdar\u0103 din \u021bara noastr\u0103 \u00ee\u0219i are locul \u0219i aici, a\u0219a c\u0103 scaunele at\u00e2t de importante din acest sistem sunt ocupate de func\u021bii \u00eenalte, \u0219i nu de oameni instrui\u021bi \u0219i educa\u021bi \u00een conservarea biodiversit\u0103\u021bii naturale.&nbsp;<\/p>\n\n\n\n<p>Managementul ariilor protejate reprezint\u0103 un serviciu extrem de complex, cu multiple obiective, responsabilit\u0103\u021bi \u0219i interese diferite, astfel c\u0103 acesta nu poate fi \u00eendeplinit cu succes de oameni care nu au nici cea mai vag\u0103 idee despre resursele bogate pe care \u021bara noastr\u0103 ni le pune la dispozi\u021bie.&nbsp;<\/p>\n\n\n\n<p>Deciziile trec prin prea multe procese, sunt extrem de fragmentate pe diferite niveluri, nevoile ariilor protejate nu sunt pe deplin \u00een\u021belese, astfel c\u0103, esen\u021ba se pierde \u0219i de prea multe ori, ochii se \u00eenchid \u00een fa\u021ba unor situa\u021bii critice. Avem nevoie de un cadru coerent la nivel na\u021bional \u0219i de o abordare sistematic\u0103, integrativ\u0103 \u0219i strategic\u0103 astfel \u00eenc\u00e2t pe termen lung, rezultatele s\u0103 fie cele scontate.<\/p>\n\n\n\n<p>Natura ne ofer\u0103 cadre unice, experien\u021be deosebite, iar noi suntem cei care trebuie s\u0103 o protej\u0103m. Gestionate eficient, ariile naturale protejate ne ofer\u0103 cele mai de pre\u021b beneficii, sisteme naturale unice, cu valoare ecologic\u0103 \u0219i \u0219tiin\u021bific\u0103, ne ofer\u0103 prilejul de \u00eenv\u0103\u021bare \u0219i cercetare, \u0219i multe altele. Este de datoria noastr\u0103 s\u0103 ac\u021bion\u0103m \u00een acest sens, a\u0219adar, v\u0103 invit\u0103m s\u0103 descoperi\u021bi \u0219i s\u0103 sus\u021bine\u021bi viziunea noastr\u0103.&nbsp;<\/p>\n","protected":false},"excerpt":{"rendered":"<p>Glasul naturii suntem noi. \u0218i noi, \u0219i voi, \u0219i politicienii, \u0219i administra\u021bia public\u0103, cu to\u021bii suntem responsabili de tot ceea ce ne \u00eenconjoar\u0103 \u0219i de tot ceea ce se petrece cu biodiversitatea care ne \u00eenconjoar\u0103. Tr\u0103im \u00eentr-o \u021bar\u0103 frumoas\u0103, a c\u0103rui relief ne ofer\u0103 o diversitate extrem de generoas\u0103 \u00een ceea ce privesc at\u00e2t fauna,[&hellip;]<\/p>\n","protected":false},"author":1,"featured_media":2600,"comment_status":"open","ping_status":"open","sticky":false,"template":"","format":"standard","meta":{"footnotes":""},"categories":[28],"tags":[38,39,41,40],"class_list":["post-2597","post","type-post","status-publish","format-standard","has-post-thumbnail","hentry","category-news","tag-arii-protejate","tag-management-arii-protejate","tag-natura","tag-natura2000"],"_links":{"self":[{"href":"http:\/\/advocacy.natura2000.ro\/index.php\/wp-json\/wp\/v2\/posts\/2597","targetHints":{"allow":["GET"]}}],"collection":[{"href":"http:\/\/advocacy.natura2000.ro\/index.php\/wp-json\/wp\/v2\/posts"}],"about":[{"href":"http:\/\/advocacy.natura2000.ro\/index.php\/wp-json\/wp\/v2\/types\/post"}],"author":[{"embeddable":true,"href":"http:\/\/advocacy.natura2000.ro\/index.php\/wp-json\/wp\/v2\/users\/1"}],"replies":[{"embeddable":true,"href":"http:\/\/advocacy.natura2000.ro\/index.php\/wp-json\/wp\/v2\/comments?post=2597"}],"version-history":[{"count":1,"href":"http:\/\/advocacy.natura2000.ro\/index.php\/wp-json\/wp\/v2\/posts\/2597\/revisions"}],"predecessor-version":[{"id":2601,"href":"http:\/\/advocacy.natura2000.ro\/index.php\/wp-json\/wp\/v2\/posts\/2597\/revisions\/2601"}],"wp:featuredmedia":[{"embeddable":true,"href":"http:\/\/advocacy.natura2000.ro\/index.php\/wp-json\/wp\/v2\/media\/2600"}],"wp:attachment":[{"href":"http:\/\/advocacy.natura2000.ro\/index.php\/wp-json\/wp\/v2\/media?parent=2597"}],"wp:term":[{"taxonomy":"category","embeddable":true,"href":"http:\/\/advocacy.natura2000.ro\/index.php\/wp-json\/wp\/v2\/categories?post=2597"},{"taxonomy":"post_tag","embeddable":true,"href":"http:\/\/advocacy.natura2000.ro\/index.php\/wp-json\/wp\/v2\/tags?post=2597"}],"curies":[{"name":"wp","href":"https:\/\/api.w.org\/{rel}","templated":true}]}}