{"id":2627,"date":"2022-09-19T11:42:35","date_gmt":"2022-09-19T11:42:35","guid":{"rendered":"http:\/\/advocacy.natura2000.ro\/?p=2627"},"modified":"2022-09-19T11:43:10","modified_gmt":"2022-09-19T11:43:10","slug":"evaluarea-comisiei-europene-asupra-politicilor-de-mediu-progrese-limitate-sau-inexistente","status":"publish","type":"post","link":"http:\/\/advocacy.natura2000.ro\/index.php\/2022\/09\/19\/evaluarea-comisiei-europene-asupra-politicilor-de-mediu-progrese-limitate-sau-inexistente\/","title":{"rendered":"Evaluarea Comisiei Europene asupra politicilor de mediu \u2013 progrese limitate sau inexistente!"},"content":{"rendered":"\n<p>Comisia Europeana a elaborat de curand Evaluarea din 2022 a punerii \u00een aplicare a politicilor de mediu, \u00een ceea ce prive\u0219te Rom\u00e2nia. Din rezumatul acestei evalu\u0103ri, am aflat \u00een mod oficial ceea ce se intuie\u0219te deja \u00een spa\u021biul public, \u00eens\u0103 despre care se vorbe\u0219te mult prea pu\u021bin: <strong>suntem pe ultimul loc la multe capitole<\/strong>. Astfel, Rom\u00e2nia risc\u0103 s\u0103 pl\u0103teasc\u0103 amenzi pentru mai multe neconformit\u0103\u021bi. \u00cens\u0103 cel mai grav aspect este impactul indirect al indiferen\u021bei \u0219i impoten\u021bei autorit\u0103\u021bilor \u00een ceea ce prive\u0219te mediul \u0219i calitatea acestuia: s\u0103n\u0103tatea public\u0103 \u0219i afectarea mai multor servicii de mediu ensen\u021biale pentru o calitate mai bun\u0103 a vie\u021bii. Toate aceste probleme persist\u0103 de\u0219i Rom\u00e2nia beneficiaz\u0103 de finan\u021b\u0103ri UE pentru mediu, \u00een valoare de 1.11% din PIB, iar raportul men\u021bioneaz\u0103 \u00een mod clar c\u0103 \u201ddificult\u0103\u021bile la nivel de capacit\u0103\u021bi administrative \u0219i problemele de absorb\u021bie \u00eempiedic\u0103 utilizarea adecvat\u0103 a fondurilor disponibile \u00een domeniul mediului\u201d si c\u0103 Rom\u00e2nia \u201d\u00eent\u00e2mpin\u0103 dificult\u0103\u021bi \u0219i \u00een ceea ce prive\u0219te stabilirea priorit\u0103\u021bilor \u0219i planificarea\u201d. \u00cen timp ce la nivelul UE se discut\u0103 despre ecoinovare, economie circular\u0103 \u0219i pactul verde european (pentru a atinge obiectivul de neutralitate climatic\u0103 p\u00e2n\u0103 \u00een 2050), Rom\u00e2nia se afund\u0103 \u00een gunoaie, ape murdare, aer toxic, lemn ilegal \u0219i lips\u0103 de educa\u021bie.\u00a0<\/p>\n\n\n\n<!--more-->\n\n\n\n<p>La capitolul biodiversitate, reamintim c\u0103 Rom\u00e2nia trebuie s\u0103 ating\u0103 \u021bintele de protec\u021bie de 30% din suprafa\u021ba terestr\u0103 \u0219i 30% din cea maritim\u0103 din care 10% reprezent\u00e2nd strict\u0103 protec\u021bie. La acestea se adaug\u0103 integrarea de coridoare ecologice, gestionarea eficient\u0103 \u0219i eficace a ariilor protejate \u0219i alte ac\u021biuni de refacere a ecosistemelor degradate.&nbsp;<\/p>\n\n\n\n<p>Chiar dac\u0103 avem cre\u0219tere economic\u0103, aceasta trebuie s\u0103 fie decuplat\u0103 de produc\u021bia de de\u0219euri \u0219i alte practici nesustenabile. Mai mult, intensitatea emsiilor de gaze cu efect de ser\u0103 din economia Rom\u00e2niei, continu\u0103 s\u0103 fie de dou\u0103 ori mai mare dec\u00e2t media european\u0103 de\u0219i, ca stat membru UE \u0219i semnatar al Acordului de la Paris, avem ca \u021bint\u0103 reducerea emisiilor de gaze cu efect de ser\u0103, p\u00e2n\u0103 \u00een 2030, cu 55% fa\u021b\u0103 de nivelul din 1990.&nbsp;<\/p>\n\n\n\n<p>\u00cen concluzie, aceast\u0103 analiz\u0103 a Comisiei Europene ne arat\u0103 \u00eenc\u0103 odat\u0103 ca suntem repeten\u021bi la capitolul mediu, din pricina urm\u0103toarelor probleme:<\/p>\n\n\n\n<ul class=\"wp-block-list\"><li>Lipsa de progrese \u00een domeniul recicl\u0103rii \u0219i compost\u0103rii, un plan na\u021bional de gestionare a de\u0219eurilor neactualizat, continuarea practicilor ilegale de depozitare a de\u0219eurilor.<\/li><li>Lipsa de progrese \u00een domeniul gestion\u0103rii apelor, a trat\u0103rii apelor urbane reziduale, a serviciilor de canalizare.<\/li><li>Lipsa eforturilor reale pentru \u00eembun\u0103t\u0103\u021birea calit\u0103\u021bii aerului: valori dep\u0103\u0219ite ale particulelor \u00een suspensie \u0219i ale dioxidului de azot. De asemenea, Rom\u00e2nia este singurul stat membru care nu&nbsp; \u0219i-a adoptat \u00eenc\u0103 programul na\u021bional de control al polu\u0103rii atmosferice, fapt pentru care Comisia a decis s\u0103 ini\u021bieze un dosar \u00een Cadrul Cur\u021bii de Justi\u021bie.&nbsp;<\/li><li>Progrese limitate \u0219i la capitolul situri Natura 2000: \u00een continuare avem multe arii protejate doar pe h\u00e2rtie, f\u0103r\u0103 o gestionare real\u0103.<\/li><li>Sistemul forestier necesit\u0103 o reform\u0103 real\u0103, \u00een timp ce Rom\u00e2nia merge 2 pa\u0219i \u00eenainte \u0219i 3 \u00eenapoi: se supune dezbaterii publice o strategie forestier\u0103 modern\u0103, ins\u0103 deciden\u021bii emit norme silvice \u00eenainte de adoptarea strategiei iar ini\u021biativele de conservare a p\u0103durilor \u00een temeiul Directivelor UE sunt pe planul 2.&nbsp;<\/li><li>Slab\u0103 accesare a fondurilor europene pentru mediu \u0219i clim\u0103<\/li><li>Slab\u0103 guvernan\u021b\u0103, \u00een care accesul la informa\u021bii, participarea publicului la luarea deciziilor \u0219i accesul la justi\u021bie sunt \u00eenc\u0103 subiecte puse sub semnul \u00eentreb\u0103rii.<\/li><\/ul>\n\n\n\n<p>Raportul integral se poate consulta la adresa: <a href=\"https:\/\/environment.ec.europa.eu\/system\/files\/2022-09\/Romania%2520-%2520EIR%2520Country%2520Report%25202022%2520%2528RO%2529.PDF\">https:\/\/environment.ec.europa.eu\/system\/files\/2022-09\/Romania%20-%20EIR%20Country%20Report%202022%20%28RO%29.PDF<\/a>&nbsp;<\/p>\n\n\n\n<p>Activita\u021bile au loc \u00een cadrul proiectului: \u201dGuvernan\u021b\u0103 participativ\u0103 prin implicarea societ\u0103\u021bii civile \u00een protec\u021bia naturii din Rom\u00e2nia\u201d!<\/p>\n\n\n\n<p>Proiectul derulat de Federa\u021bia Coali\u021bia Natura 2000 \u00een parteneriat cu Asocia\u021bia Pro Democra\u021bia Club Bra\u0219ov, cu sprijinul financiar Active Citizens Fund Rom\u00e2nia, program finan\u021bat de Islanda, Liechtenstein \u0219i Norvegia prin Granturile SEE 2014-2021.&nbsp;<\/p>\n\n\n\n<p>Con\u021binutul acestui material nu reprezint\u0103 \u00een mod necesar pozi\u021bia oficial\u0103 a Granturilor SEE \u0219i Norvegiene 2014-2021; pentru mai multe informa\u021bii accesa\u021bi <a href=\"http:\/\/www.eeagrants.org\/?fbclid=IwAR255I0kEYUxkQ60hKXnjUKrn9uHXQh2GVj19vfCfHHpLENVXnwuXVKNzPk\">www.eeagrants.org.<\/a><\/p>\n","protected":false},"excerpt":{"rendered":"<p>Comisia Europeana a elaborat de curand Evaluarea din 2022 a punerii \u00een aplicare a politicilor de mediu, \u00een ceea ce prive\u0219te Rom\u00e2nia. Din rezumatul acestei evalu\u0103ri, am aflat \u00een mod oficial ceea ce se intuie\u0219te deja \u00een spa\u021biul public, \u00eens\u0103 despre care se vorbe\u0219te mult prea pu\u021bin: suntem pe ultimul loc la multe capitole. Astfel,[&hellip;]<\/p>\n","protected":false},"author":1,"featured_media":2628,"comment_status":"open","ping_status":"open","sticky":false,"template":"","format":"standard","meta":{"footnotes":""},"categories":[28],"tags":[31,38,47,45,46,48],"class_list":["post-2627","post","type-post","status-publish","format-standard","has-post-thumbnail","hentry","category-news","tag-arii-naturale","tag-arii-protejate","tag-biodiversitate","tag-comisia-europeana","tag-politica-de-mediu","tag-politici-de-mediu"],"_links":{"self":[{"href":"http:\/\/advocacy.natura2000.ro\/index.php\/wp-json\/wp\/v2\/posts\/2627","targetHints":{"allow":["GET"]}}],"collection":[{"href":"http:\/\/advocacy.natura2000.ro\/index.php\/wp-json\/wp\/v2\/posts"}],"about":[{"href":"http:\/\/advocacy.natura2000.ro\/index.php\/wp-json\/wp\/v2\/types\/post"}],"author":[{"embeddable":true,"href":"http:\/\/advocacy.natura2000.ro\/index.php\/wp-json\/wp\/v2\/users\/1"}],"replies":[{"embeddable":true,"href":"http:\/\/advocacy.natura2000.ro\/index.php\/wp-json\/wp\/v2\/comments?post=2627"}],"version-history":[{"count":1,"href":"http:\/\/advocacy.natura2000.ro\/index.php\/wp-json\/wp\/v2\/posts\/2627\/revisions"}],"predecessor-version":[{"id":2629,"href":"http:\/\/advocacy.natura2000.ro\/index.php\/wp-json\/wp\/v2\/posts\/2627\/revisions\/2629"}],"wp:featuredmedia":[{"embeddable":true,"href":"http:\/\/advocacy.natura2000.ro\/index.php\/wp-json\/wp\/v2\/media\/2628"}],"wp:attachment":[{"href":"http:\/\/advocacy.natura2000.ro\/index.php\/wp-json\/wp\/v2\/media?parent=2627"}],"wp:term":[{"taxonomy":"category","embeddable":true,"href":"http:\/\/advocacy.natura2000.ro\/index.php\/wp-json\/wp\/v2\/categories?post=2627"},{"taxonomy":"post_tag","embeddable":true,"href":"http:\/\/advocacy.natura2000.ro\/index.php\/wp-json\/wp\/v2\/tags?post=2627"}],"curies":[{"name":"wp","href":"https:\/\/api.w.org\/{rel}","templated":true}]}}